{"id":2987,"date":"2021-03-29T13:02:59","date_gmt":"2021-03-29T11:02:59","guid":{"rendered":"http:\/\/vrtecsalovci.splet.arnes.si\/?p=2987"},"modified":"2021-03-29T13:02:59","modified_gmt":"2021-03-29T11:02:59","slug":"obvestilo-4","status":"publish","type":"post","link":"https:\/\/vrtecsalovci.splet.arnes.si\/?p=2987","title":{"rendered":"Obvestilo"},"content":{"rendered":"<p class=\"v1MsoNormal\">Obve\u0161\u010dam Vas, da bo s 1. 4. 2021 za\u010del veljati novi odlok \u00a0in sicer Odlok o za\u010dasni prepovedi zbiranja ljudi v zavodih s podro\u010dja vzgoje in izobra\u017eevanja ter univerzah in samostojnih visoko\u0161olskih zavodih, ki ga bo Vlada RS objavila v Uradnem listu Republike Slovenije.<\/p>\n<p class=\"v1MsoNormal\">Z odlokom se zaradi zajezitve in obvladovanja nalezljive bolezni COVID-19\u00a0<b>za\u010dasno prepoveduje zbiranje ljudi v zavodih s podro\u010dja vzgoje in izobra\u017eevanja ter univerzah in samostojnih visoko\u0161olskih zavodih.<\/b><\/p>\n<p class=\"v1MsoNormal\">Prepoved zbiranja velja v: <b>vrtcih, <\/b><b>osnovnih \u0161olah<\/b>, razen v oddelkih prilagojenega in posebnega programa, glasbenih \u0161olah, srednjih in vi\u0161jih strokovnih \u0161olah, dija\u0161kih domovih, razen v primeru dijakov in \u0161tudentov tujcev, ki jim je zaradi trenutnih varnostnih razmer onemogo\u010dena vrnitev v kraj stalnega bivali\u0161\u010da, ter mladoletnikov brez spremstva s statusom prosilca mednarodne za\u0161\u010dite oziroma s priznano mednarodno za\u0161\u010dito, v organizacijah za izobra\u017eevanje odraslih, \u0161tudentskih domovih, razen v primeru \u0161tudentov, ki imajo stalno prebivali\u0161\u010de v \u0161tudentskem domu, \u0161tudentskih dru\u017ein, \u0161tudentov tujcev in gostujo\u010dih profesorjev, ki jim je zaradi trenutnih varnostnih razmer onemogo\u010dena vrnitev v kraj stalnega bivali\u0161\u010da ter na univerzah in samostojnih visoko\u0161olskih zavodih.<\/p>\n<p class=\"v1MsoNormal\"><b>Za otroke v vrtcih in u\u010dence od 1. do 3. razreda je zagotovljeno\u00a0 nujno varstvo<\/b>:<\/p>\n<ul type=\"disc\">\n<li class=\"v1MsoNormal\"><b>\u010de sta oba star\u0161a ali eden od star\u0161ev, ki je samohranilec, zaposlena v sektorjih kriti\u010dne infrastrukture, dolo\u010denih v 4. \u010dlenu Zakona o kriti\u010dni infrastrukturi (Uradni list RS, \u0161t. 75\/17), <\/b><b>v zavodih s podro\u010dja vzgoje in izobra\u017eevanja, zavodih s podro\u010dja socialne varnosti, v Slovenski vojski, Policiji ter zaposleni v poklicnih gasilskih enotah.<\/b><\/li>\n<li class=\"v1MsoNormal\">Zaposlitev se ugotavlja\u00a0<b><u>na podlagi potrdila delodajalca<\/u><\/b>.<\/li>\n<\/ul>\n<p class=\"v1MsoNormal\">Zavodi morajo pri svojem delu upo\u0161tevati smernice ministrstva, pristojnega za zdravje, in Nacionalnega in\u0161tituta za javno zdravje za prepre\u010devanje oku\u017ebe z virusom SARS-CoV-2.<\/p>\n<p class=\"v1MsoNormal\">Vlada Republike Slovenije bo preverjala utemeljenost ukrepov iz tega odloka na podlagi strokovnih mnenj.<\/p>\n<p class=\"v1MsoNormal\">Odlok bo za\u010del veljati\u00a0<b><u>1. aprila\u00a0 2021 in bo veljal do vklju\u010dno 11. aprila 2021.<\/u><\/b><\/p>\n","protected":false},"excerpt":{"rendered":"<p>Obve\u0161\u010dam Vas, da bo s 1. 4. 2021 za\u010del veljati novi odlok \u00a0in sicer Odlok o za\u010dasni prepovedi zbiranja ljudi v zavodih s podro\u010dja vzgoje in izobra\u017eevanja ter univerzah in [&hellip;]<\/p>\n","protected":false},"author":2635,"featured_media":0,"comment_status":"closed","ping_status":"open","sticky":false,"template":"","format":"standard","meta":{"ngg_post_thumbnail":0,"footnotes":""},"categories":[1],"tags":[],"class_list":["post-2987","post","type-post","status-publish","format-standard","hentry","category-novice"],"_links":{"self":[{"href":"https:\/\/vrtecsalovci.splet.arnes.si\/index.php?rest_route=\/wp\/v2\/posts\/2987","targetHints":{"allow":["GET"]}}],"collection":[{"href":"https:\/\/vrtecsalovci.splet.arnes.si\/index.php?rest_route=\/wp\/v2\/posts"}],"about":[{"href":"https:\/\/vrtecsalovci.splet.arnes.si\/index.php?rest_route=\/wp\/v2\/types\/post"}],"author":[{"embeddable":true,"href":"https:\/\/vrtecsalovci.splet.arnes.si\/index.php?rest_route=\/wp\/v2\/users\/2635"}],"replies":[{"embeddable":true,"href":"https:\/\/vrtecsalovci.splet.arnes.si\/index.php?rest_route=%2Fwp%2Fv2%2Fcomments&post=2987"}],"version-history":[{"count":1,"href":"https:\/\/vrtecsalovci.splet.arnes.si\/index.php?rest_route=\/wp\/v2\/posts\/2987\/revisions"}],"predecessor-version":[{"id":2988,"href":"https:\/\/vrtecsalovci.splet.arnes.si\/index.php?rest_route=\/wp\/v2\/posts\/2987\/revisions\/2988"}],"wp:attachment":[{"href":"https:\/\/vrtecsalovci.splet.arnes.si\/index.php?rest_route=%2Fwp%2Fv2%2Fmedia&parent=2987"}],"wp:term":[{"taxonomy":"category","embeddable":true,"href":"https:\/\/vrtecsalovci.splet.arnes.si\/index.php?rest_route=%2Fwp%2Fv2%2Fcategories&post=2987"},{"taxonomy":"post_tag","embeddable":true,"href":"https:\/\/vrtecsalovci.splet.arnes.si\/index.php?rest_route=%2Fwp%2Fv2%2Ftags&post=2987"}],"curies":[{"name":"wp","href":"https:\/\/api.w.org\/{rel}","templated":true}]}}