{"id":2990,"date":"2021-04-08T15:36:42","date_gmt":"2021-04-08T13:36:42","guid":{"rendered":"http:\/\/vrtecsalovci.splet.arnes.si\/?p=2990"},"modified":"2021-04-08T15:37:12","modified_gmt":"2021-04-08T13:37:12","slug":"obvestilo-vzgojno-izobrazevalno-delo-od-12-4-2021-dalje","status":"publish","type":"post","link":"https:\/\/vrtecsalovci.splet.arnes.si\/?p=2990","title":{"rendered":"OBVESTILO &#8211; Vzgojno-izobra\u017eevalno delo od 12. 4. 2021 dalje"},"content":{"rendered":"<p>Spo\u0161tovane star\u0161i in otroci,<\/p>\n<p>obve\u0161\u010damo vas, da je Vlada RS sprejela nov Odlok o za\u010dasni prepovedi zbiranja ljudi v zavodih s podro\u010dja vzgoje in izobra\u017eevanja ter univerzah in samostojnih visoko\u0161olskih zavodih, ki velja do 18. aprila.<\/p>\n<p><strong><u>Z dnem 12. 4. 2021 se ponovno za vse otroke odpirajo vrtci in osnovne \u0161ole. Pravila in omejitve pa ostajajo v celoti enaka, kot so veljala v tednu pred zaprtjem.<\/u><\/strong><\/p>\n<p style=\"text-align: right\">Darja Fari\u010d Klemen\u010di\u010d, ravnateljica<\/p>\n","protected":false},"excerpt":{"rendered":"<p>Spo\u0161tovane star\u0161i in otroci, obve\u0161\u010damo vas, da je Vlada RS sprejela nov Odlok o za\u010dasni prepovedi zbiranja ljudi v zavodih s podro\u010dja vzgoje in izobra\u017eevanja ter univerzah in samostojnih visoko\u0161olskih [&hellip;]<\/p>\n","protected":false},"author":2635,"featured_media":0,"comment_status":"closed","ping_status":"open","sticky":false,"template":"","format":"standard","meta":{"ngg_post_thumbnail":0,"footnotes":""},"categories":[1],"tags":[],"class_list":["post-2990","post","type-post","status-publish","format-standard","hentry","category-novice"],"_links":{"self":[{"href":"https:\/\/vrtecsalovci.splet.arnes.si\/index.php?rest_route=\/wp\/v2\/posts\/2990","targetHints":{"allow":["GET"]}}],"collection":[{"href":"https:\/\/vrtecsalovci.splet.arnes.si\/index.php?rest_route=\/wp\/v2\/posts"}],"about":[{"href":"https:\/\/vrtecsalovci.splet.arnes.si\/index.php?rest_route=\/wp\/v2\/types\/post"}],"author":[{"embeddable":true,"href":"https:\/\/vrtecsalovci.splet.arnes.si\/index.php?rest_route=\/wp\/v2\/users\/2635"}],"replies":[{"embeddable":true,"href":"https:\/\/vrtecsalovci.splet.arnes.si\/index.php?rest_route=%2Fwp%2Fv2%2Fcomments&post=2990"}],"version-history":[{"count":2,"href":"https:\/\/vrtecsalovci.splet.arnes.si\/index.php?rest_route=\/wp\/v2\/posts\/2990\/revisions"}],"predecessor-version":[{"id":2992,"href":"https:\/\/vrtecsalovci.splet.arnes.si\/index.php?rest_route=\/wp\/v2\/posts\/2990\/revisions\/2992"}],"wp:attachment":[{"href":"https:\/\/vrtecsalovci.splet.arnes.si\/index.php?rest_route=%2Fwp%2Fv2%2Fmedia&parent=2990"}],"wp:term":[{"taxonomy":"category","embeddable":true,"href":"https:\/\/vrtecsalovci.splet.arnes.si\/index.php?rest_route=%2Fwp%2Fv2%2Fcategories&post=2990"},{"taxonomy":"post_tag","embeddable":true,"href":"https:\/\/vrtecsalovci.splet.arnes.si\/index.php?rest_route=%2Fwp%2Fv2%2Ftags&post=2990"}],"curies":[{"name":"wp","href":"https:\/\/api.w.org\/{rel}","templated":true}]}}