{"id":3012,"date":"2021-08-31T14:18:05","date_gmt":"2021-08-31T12:18:05","guid":{"rendered":"https:\/\/vrtecsalovci.splet.arnes.si\/?p=3012"},"modified":"2021-08-31T14:23:03","modified_gmt":"2021-08-31T12:23:03","slug":"dobrodoslica","status":"publish","type":"post","link":"https:\/\/vrtecsalovci.splet.arnes.si\/?p=3012","title":{"rendered":"Dobrodo\u0161lica"},"content":{"rendered":"<p>[et_pb_section fb_built=&#8221;1&#8243; _builder_version=&#8221;4.7.3&#8243; _module_preset=&#8221;default&#8221; hover_enabled=&#8221;0&#8243; sticky_enabled=&#8221;0&#8243; custom_margin=&#8221;0px||||false|false&#8221; custom_padding=&#8221;0px||||false|false&#8221;][et_pb_row _builder_version=&#8221;4.7.3&#8243; _module_preset=&#8221;default&#8221;][et_pb_column _builder_version=&#8221;4.7.3&#8243; _module_preset=&#8221;default&#8221; type=&#8221;4_4&#8243;][et_pb_text _builder_version=&#8221;4.7.3&#8243; _module_preset=&#8221;default&#8221; hover_enabled=&#8221;0&#8243; sticky_enabled=&#8221;0&#8243;]<\/p>\n<h1 style=\"text-align: center\"><span style=\"color: #ff0000\"><strong><a href=\"https:\/\/vrtecsalovci.splet.arnes.si\/files\/2021\/08\/dobrodoslica-rotated.jpg\"><img loading=\"lazy\" decoding=\"async\" src=\"https:\/\/vrtecsalovci.splet.arnes.si\/files\/2021\/08\/dobrodoslica-300x52.jpg\" width=\"410\" height=\"71\" alt=\"\" class=\"wp-image-3019 alignnone size-medium\" srcset=\"https:\/\/vrtecsalovci.splet.arnes.si\/files\/2021\/08\/dobrodoslica-300x52.jpg 300w, https:\/\/vrtecsalovci.splet.arnes.si\/files\/2021\/08\/dobrodoslica-480x83.jpg 480w, https:\/\/vrtecsalovci.splet.arnes.si\/files\/2021\/08\/dobrodoslica-rotated.jpg 759w\" sizes=\"auto, (max-width: 410px) 100vw, 410px\" \/><\/a><\/strong><\/span><\/h1>\n<h1 style=\"text-align: center\"><\/h1>\n<p style=\"text-align: left\"><span style=\"color: #000000\"><strong><\/strong>Dragi otroci in spo\u0161tovani star\u0161i.\u00a0<\/span><\/p>\n<p style=\"text-align: left\"><span style=\"color: #000000\">Poletne po\u010ditnice se bli\u017eajo h koncu in jutri bomo zakorakali v novo vrt\u010devsko leto 2021\/22. Vsi vzgojitelji in ostali zaposleni se zelo veselimo, da se bomo ponovno sre\u010dali z Vami.<\/span><\/p>\n<p style=\"text-align: left\"><span style=\"color: #000000\">\u017delimo Vam, da bo to novo \u0161olsko leto zdravo, prijetno, zabavno in pou\u010dno. Naj vam dnevi, tedni in meseci prinesejo nove prijatelje, tople nasmeje in \u010dudovite izku\u0161nje. Bodite odprti, nasmejani, spro\u0161\u010deni in zdravi.\u00a0<\/span><\/p>\n<p style=\"text-align: left\"><span style=\"color: #000000\"><\/span><\/p>\n<p style=\"text-align: right\"><span style=\"color: #000000\">Kolektiv vrtca z ravnateljico<\/span><\/p>\n<p>[\/et_pb_text][\/et_pb_column][\/et_pb_row][et_pb_row _builder_version=&#8221;4.7.3&#8243; _module_preset=&#8221;default&#8221; column_structure=&#8221;1_2,1_2&#8243;][et_pb_column _builder_version=&#8221;4.7.3&#8243; _module_preset=&#8221;default&#8221; type=&#8221;1_2&#8243;][et_pb_text _builder_version=&#8221;4.7.3&#8243; _module_preset=&#8221;default&#8221; hover_enabled=&#8221;0&#8243; sticky_enabled=&#8221;0&#8243; border_width_all=&#8221;2px&#8221; border_color_all=&#8221;#000000&#8243; border_style_all=&#8221;dashed&#8221;]<\/p>\n<h2 style=\"text-align: center\"><strong>OBVESTILO<\/strong><\/h2>\n<p>Spo\u0161tovani, obve\u0161\u010damo Vas, da je vlada RS na dopisni seji 23.8.2021 sprejela Odlok o dopolnitvi. Odloka o dolo\u010ditvi za\u010dasnih pogojev za izvajanje dejavnosti v vzgoji in izobra\u017eevanju ter visokem \u0161olstvu.<\/p>\n<p>Dopolnitev Odloka dolo\u010da, da za star\u0161e in druge osebe, ki pripeljejo ali odpeljejo otroka v vrtec, izjemoma ne velja pogoj cepljenja, prebolevnosti ali testiranja. OBVEZNO pa je no\u0161enje za\u0161\u010ditnih mask in upo\u0161tevanje vseh drugih preventivnih ukrepov: razku\u017eevanje rok, ohranjanje varnostne razdalje, zra\u010denje prostorov.<\/p>\n<p><strong>Za vse druge prihode star\u0161ev v vrtec ( sre\u010danja s star\u0161i, roditeljski sestanki, pogovorne ure, uvajanje otrok v vrtec,\u2026) pa vselej velja pogoj PCT.<\/strong><\/p>\n<p>Hvala za razumevanje.<\/p>\n<p style=\"text-align: right\">Kolektiv vrtca z ravnateljico<\/p>\n<p>[\/et_pb_text][\/et_pb_column][et_pb_column _builder_version=&#8221;4.7.3&#8243; _module_preset=&#8221;default&#8221; type=&#8221;1_2&#8243;][et_pb_text _builder_version=&#8221;4.7.3&#8243; _module_preset=&#8221;default&#8221; hover_enabled=&#8221;0&#8243; sticky_enabled=&#8221;0&#8243; border_width_all=&#8221;2px&#8221; border_style_all=&#8221;dashed&#8221;]<\/p>\n<h2><strong><u>PROTOKOL VSTOPA OTROK V VRTEC PRI O\u0160 \u0160ALOVCI<\/u><\/strong><\/h2>\n<ol>\n<li>Star\u0161i ob prihodu <strong>pozvonite, <\/strong><\/li>\n<li>strokovna delavka Vas povabi v vrtec, v kolikor je garderoba prosta,<\/li>\n<li>\u010de ni, po\u010dakajte pred vhodom in vzdr\u017eujete ustrezno varnostno razdaljo (upo\u0161tevajte ozna\u010dbo na tleh X),<\/li>\n<li><strong>ob vstopu v vrtec imejte obvezno masko, <\/strong><\/li>\n<li><strong>razku\u017eite si roke pred vstopom,<\/strong><\/li>\n<li><strong>nato pomagate otroku pri preobuvanju, sla\u010denju, \u010de je to nujno potrebno. <\/strong>V prostorih garderobe se ne zadr\u017eujete po nepotrebnem.<\/li>\n<li><strong>Star\u0161i vzdr\u017eujte primerno razdaljo<\/strong> (1,5 \u2013 2m) do vzgojiteljice, drugih otrok in star\u0161ev.<\/li>\n<li>Preden otrok vstopi v igralnico, mu morate <strong>temeljito umiti roke z milom in vodo<\/strong> v umivalnici. <strong><u>Otroci starej\u0161e starostne skupine lahko opravijo umivanje rok samostojno.<\/u><\/strong><\/li>\n<li>Ko pridete po otroka v vrtec, je postopek enak (pozvonite, po\u010dakate, vstopite, si razku\u017eite roke, prevzamete otroka). <strong>Vrtec zapustite v \u010dim kraj\u0161em \u010dasu.<\/strong><\/li>\n<\/ol>\n<p>Ostanimo zdravi!<\/p>\n<p style=\"text-align: right\">Kolektiv vrtca z ravnateljico<\/p>\n<p>[\/et_pb_text][\/et_pb_column][\/et_pb_row][\/et_pb_section]<\/p>\n","protected":false},"excerpt":{"rendered":"<p>[et_pb_section fb_built=&#8221;1&#8243; _builder_version=&#8221;4.7.3&#8243; _module_preset=&#8221;default&#8221; hover_enabled=&#8221;0&#8243; sticky_enabled=&#8221;0&#8243; custom_margin=&#8221;0px||||false|false&#8221; custom_padding=&#8221;0px||||false|false&#8221;][et_pb_row _builder_version=&#8221;4.7.3&#8243; _module_preset=&#8221;default&#8221;][et_pb_column _builder_version=&#8221;4.7.3&#8243; _module_preset=&#8221;default&#8221; type=&#8221;4_4&#8243;][et_pb_text _builder_version=&#8221;4.7.3&#8243; _module_preset=&#8221;default&#8221; hover_enabled=&#8221;0&#8243; sticky_enabled=&#8221;0&#8243;] Dragi otroci in spo\u0161tovani star\u0161i.\u00a0 Poletne po\u010ditnice se bli\u017eajo h koncu in jutri [&hellip;]<\/p>\n","protected":false},"author":81642,"featured_media":0,"comment_status":"closed","ping_status":"open","sticky":false,"template":"","format":"standard","meta":{"ngg_post_thumbnail":0,"footnotes":""},"categories":[1],"tags":[],"class_list":["post-3012","post","type-post","status-publish","format-standard","hentry","category-novice"],"_links":{"self":[{"href":"https:\/\/vrtecsalovci.splet.arnes.si\/index.php?rest_route=\/wp\/v2\/posts\/3012","targetHints":{"allow":["GET"]}}],"collection":[{"href":"https:\/\/vrtecsalovci.splet.arnes.si\/index.php?rest_route=\/wp\/v2\/posts"}],"about":[{"href":"https:\/\/vrtecsalovci.splet.arnes.si\/index.php?rest_route=\/wp\/v2\/types\/post"}],"author":[{"embeddable":true,"href":"https:\/\/vrtecsalovci.splet.arnes.si\/index.php?rest_route=\/wp\/v2\/users\/81642"}],"replies":[{"embeddable":true,"href":"https:\/\/vrtecsalovci.splet.arnes.si\/index.php?rest_route=%2Fwp%2Fv2%2Fcomments&post=3012"}],"version-history":[{"count":8,"href":"https:\/\/vrtecsalovci.splet.arnes.si\/index.php?rest_route=\/wp\/v2\/posts\/3012\/revisions"}],"predecessor-version":[{"id":3024,"href":"https:\/\/vrtecsalovci.splet.arnes.si\/index.php?rest_route=\/wp\/v2\/posts\/3012\/revisions\/3024"}],"wp:attachment":[{"href":"https:\/\/vrtecsalovci.splet.arnes.si\/index.php?rest_route=%2Fwp%2Fv2%2Fmedia&parent=3012"}],"wp:term":[{"taxonomy":"category","embeddable":true,"href":"https:\/\/vrtecsalovci.splet.arnes.si\/index.php?rest_route=%2Fwp%2Fv2%2Fcategories&post=3012"},{"taxonomy":"post_tag","embeddable":true,"href":"https:\/\/vrtecsalovci.splet.arnes.si\/index.php?rest_route=%2Fwp%2Fv2%2Ftags&post=3012"}],"curies":[{"name":"wp","href":"https:\/\/api.w.org\/{rel}","templated":true}]}}