{"id":3031,"date":"2021-09-02T07:11:21","date_gmt":"2021-09-02T05:11:21","guid":{"rendered":"https:\/\/vrtecsalovci.splet.arnes.si\/?p=3031"},"modified":"2021-09-02T07:11:21","modified_gmt":"2021-09-02T05:11:21","slug":"prvi-vrtcevski-dan","status":"publish","type":"post","link":"https:\/\/vrtecsalovci.splet.arnes.si\/?p=3031","title":{"rendered":"Prvi vrt\u010devski dan"},"content":{"rendered":"<p>[et_pb_section fb_built=&#8221;1&#8243; _builder_version=&#8221;4.7.3&#8243; _module_preset=&#8221;default&#8221;][et_pb_row _builder_version=&#8221;4.7.3&#8243; _module_preset=&#8221;default&#8221;][et_pb_column _builder_version=&#8221;4.7.3&#8243; _module_preset=&#8221;default&#8221; type=&#8221;4_4&#8243;][et_pb_text _builder_version=&#8221;4.7.3&#8243; _module_preset=&#8221;default&#8221; hover_enabled=&#8221;0&#8243; sticky_enabled=&#8221;0&#8243;]<\/p>\n<p style=\"text-align: center\"><a href=\"https:\/\/vrtecsalovci.splet.arnes.si\/files\/2021\/09\/IMG_20210901_125023-scaled.jpg\"><img loading=\"lazy\" decoding=\"async\" src=\"https:\/\/vrtecsalovci.splet.arnes.si\/files\/2021\/09\/IMG_20210901_125023-225x300.jpg\" width=\"152\" height=\"203\" alt=\"\" class=\"wp-image-3034 alignnone size-medium\" srcset=\"https:\/\/vrtecsalovci.splet.arnes.si\/files\/2021\/09\/IMG_20210901_125023-225x300.jpg 225w, https:\/\/vrtecsalovci.splet.arnes.si\/files\/2021\/09\/IMG_20210901_125023-768x1024.jpg 768w, https:\/\/vrtecsalovci.splet.arnes.si\/files\/2021\/09\/IMG_20210901_125023-1152x1536.jpg 1152w, https:\/\/vrtecsalovci.splet.arnes.si\/files\/2021\/09\/IMG_20210901_125023-1536x2048.jpg 1536w, https:\/\/vrtecsalovci.splet.arnes.si\/files\/2021\/09\/IMG_20210901_125023-1080x1440.jpg 1080w, https:\/\/vrtecsalovci.splet.arnes.si\/files\/2021\/09\/IMG_20210901_125023-1280x1707.jpg 1280w, https:\/\/vrtecsalovci.splet.arnes.si\/files\/2021\/09\/IMG_20210901_125023-980x1307.jpg 980w, https:\/\/vrtecsalovci.splet.arnes.si\/files\/2021\/09\/IMG_20210901_125023-480x640.jpg 480w, https:\/\/vrtecsalovci.splet.arnes.si\/files\/2021\/09\/IMG_20210901_125023-scaled.jpg 1920w\" sizes=\"auto, (max-width: 152px) 100vw, 152px\" \/><\/a><\/p>\n<p style=\"text-align: center\">Poletja po\u010dasi je konec,<br \/>a nas ne skrbi,<br \/>veseli v vrtec,<br \/>smo\u00a0mi pri\u0161li!<\/p>\n<p style=\"text-align: center\">Tukaj veliko lepega nas \u010daka,<br \/>zato vesela ura bo vsaka.<br \/>Najbolje pa je, da prijatelje nove bomo spoznali<br \/>in se z vzgojiteljicami na nove poti podali.<\/p>\n<p>Leto je naokoli in na\u0161 vrtec je spet poln otro\u0161kega smeha, igrivosti, razigranosti in iskrivih pogledov. V\u010dasih tudi kak\u0161na solzica prite\u010de, a jo hitro od\u017eenemo stran.<br \/>Nekateri otroci so danes prvi\u010d sami\u00a0prestopili vrata igralnice, drugi pa so \u017ee komaj \u010dakali, da stkejo nove vezi in utrdijo stare.\u00a0<\/p>\n<p>Pred nami je zelo lepo, razigrano leto!<\/p>\n<p>In \u017ee prvi vrt\u010devski dan nam je popestril \u0137u\u017ea Pazi.<\/p>\n<p><a href=\"https:\/\/vrtecsalovci.splet.arnes.si\/files\/2021\/09\/20210901_093504.jpg\"><img loading=\"lazy\" decoding=\"async\" src=\"https:\/\/vrtecsalovci.splet.arnes.si\/files\/2021\/09\/20210901_093504-300x169.jpg\" width=\"300\" height=\"169\" alt=\"\" class=\"wp-image-3036 alignnone size-medium\" \/><\/a>\u00a0 \u00a0 \u00a0 \u00a0\u00a0<a href=\"https:\/\/vrtecsalovci.splet.arnes.si\/files\/2021\/09\/received_364385895326699.jpeg\"><img loading=\"lazy\" decoding=\"async\" src=\"https:\/\/vrtecsalovci.splet.arnes.si\/files\/2021\/09\/received_364385895326699-300x269.jpeg\" width=\"186\" height=\"167\" alt=\"\" class=\"wp-image-3035 alignnone size-medium\" srcset=\"https:\/\/vrtecsalovci.splet.arnes.si\/files\/2021\/09\/received_364385895326699-300x269.jpeg 300w, https:\/\/vrtecsalovci.splet.arnes.si\/files\/2021\/09\/received_364385895326699-1024x919.jpeg 1024w, https:\/\/vrtecsalovci.splet.arnes.si\/files\/2021\/09\/received_364385895326699-768x690.jpeg 768w, https:\/\/vrtecsalovci.splet.arnes.si\/files\/2021\/09\/received_364385895326699-1536x1379.jpeg 1536w, https:\/\/vrtecsalovci.splet.arnes.si\/files\/2021\/09\/received_364385895326699-1080x970.jpeg 1080w, https:\/\/vrtecsalovci.splet.arnes.si\/files\/2021\/09\/received_364385895326699-1280x1149.jpeg 1280w, https:\/\/vrtecsalovci.splet.arnes.si\/files\/2021\/09\/received_364385895326699-980x880.jpeg 980w, https:\/\/vrtecsalovci.splet.arnes.si\/files\/2021\/09\/received_364385895326699-480x431.jpeg 480w, https:\/\/vrtecsalovci.splet.arnes.si\/files\/2021\/09\/received_364385895326699.jpeg 1880w\" sizes=\"auto, (max-width: 186px) 100vw, 186px\" \/><\/a><\/p>\n<p style=\"text-align: right\">Vzgojni tim vrtca \u0160alovci<\/p>\n<p>[\/et_pb_text][\/et_pb_column][\/et_pb_row][\/et_pb_section]<\/p>\n","protected":false},"excerpt":{"rendered":"<p>[et_pb_section fb_built=&#8221;1&#8243; _builder_version=&#8221;4.7.3&#8243; _module_preset=&#8221;default&#8221;][et_pb_row _builder_version=&#8221;4.7.3&#8243; _module_preset=&#8221;default&#8221;][et_pb_column _builder_version=&#8221;4.7.3&#8243; _module_preset=&#8221;default&#8221; type=&#8221;4_4&#8243;][et_pb_text _builder_version=&#8221;4.7.3&#8243; _module_preset=&#8221;default&#8221; hover_enabled=&#8221;0&#8243; sticky_enabled=&#8221;0&#8243;] Poletja po\u010dasi je konec,a nas ne skrbi,veseli v vrtec,smo\u00a0mi pri\u0161li! Tukaj veliko lepega nas \u010daka,zato vesela ura [&hellip;]<\/p>\n","protected":false},"author":81642,"featured_media":0,"comment_status":"closed","ping_status":"open","sticky":false,"template":"","format":"standard","meta":{"ngg_post_thumbnail":0,"footnotes":""},"categories":[1],"tags":[],"class_list":["post-3031","post","type-post","status-publish","format-standard","hentry","category-novice"],"_links":{"self":[{"href":"https:\/\/vrtecsalovci.splet.arnes.si\/index.php?rest_route=\/wp\/v2\/posts\/3031","targetHints":{"allow":["GET"]}}],"collection":[{"href":"https:\/\/vrtecsalovci.splet.arnes.si\/index.php?rest_route=\/wp\/v2\/posts"}],"about":[{"href":"https:\/\/vrtecsalovci.splet.arnes.si\/index.php?rest_route=\/wp\/v2\/types\/post"}],"author":[{"embeddable":true,"href":"https:\/\/vrtecsalovci.splet.arnes.si\/index.php?rest_route=\/wp\/v2\/users\/81642"}],"replies":[{"embeddable":true,"href":"https:\/\/vrtecsalovci.splet.arnes.si\/index.php?rest_route=%2Fwp%2Fv2%2Fcomments&post=3031"}],"version-history":[{"count":3,"href":"https:\/\/vrtecsalovci.splet.arnes.si\/index.php?rest_route=\/wp\/v2\/posts\/3031\/revisions"}],"predecessor-version":[{"id":3037,"href":"https:\/\/vrtecsalovci.splet.arnes.si\/index.php?rest_route=\/wp\/v2\/posts\/3031\/revisions\/3037"}],"wp:attachment":[{"href":"https:\/\/vrtecsalovci.splet.arnes.si\/index.php?rest_route=%2Fwp%2Fv2%2Fmedia&parent=3031"}],"wp:term":[{"taxonomy":"category","embeddable":true,"href":"https:\/\/vrtecsalovci.splet.arnes.si\/index.php?rest_route=%2Fwp%2Fv2%2Fcategories&post=3031"},{"taxonomy":"post_tag","embeddable":true,"href":"https:\/\/vrtecsalovci.splet.arnes.si\/index.php?rest_route=%2Fwp%2Fv2%2Ftags&post=3031"}],"curies":[{"name":"wp","href":"https:\/\/api.w.org\/{rel}","templated":true}]}}