{"id":3104,"date":"2021-09-16T14:24:06","date_gmt":"2021-09-16T12:24:06","guid":{"rendered":"https:\/\/vrtecsalovci.splet.arnes.si\/?p=3104"},"modified":"2021-09-16T14:24:06","modified_gmt":"2021-09-16T12:24:06","slug":"priznavanje-pravice-do-brezplacnega-vrtca-za-drugega-in-vsakega-nadaljnjega-otroka","status":"publish","type":"post","link":"https:\/\/vrtecsalovci.splet.arnes.si\/?p=3104","title":{"rendered":"Priznavanje pravice do brezpla\u010dnega vrtca za drugega in vsakega nadaljnjega otroka"},"content":{"rendered":"<p>[et_pb_section fb_built=&#8221;1&#8243; _builder_version=&#8221;4.7.3&#8243; _module_preset=&#8221;default&#8221;][et_pb_row _builder_version=&#8221;4.7.3&#8243; _module_preset=&#8221;default&#8221;][et_pb_column _builder_version=&#8221;4.7.3&#8243; _module_preset=&#8221;default&#8221; type=&#8221;4_4&#8243;][et_pb_text _builder_version=&#8221;4.7.3&#8243; _module_preset=&#8221;default&#8221; hover_enabled=&#8221;0&#8243; sticky_enabled=&#8221;0&#8243;]<\/p>\n<p style=\"text-align: justify\"><span style=\"color: #e02b20\"><strong>Novost:<\/strong><\/span><\/p>\n<p style=\"text-align: justify\">Star\u0161i, ki imajo <strong>v vrtec vklju\u010dena hkrati dva otroka<\/strong>, so pla\u010dila za mlaj\u0161ega otroka opro\u0161\u010deni. Star\u0161i so opro\u0161\u010deni pla\u010dila za vrtec <strong>za tretjega in vsakega nadaljnjega otroka iz iste\u00a0<\/strong><strong>dru\u017eine<\/strong>, ne glede na to, ali so starej\u0161i sorojenci \u0161e v vrtcu (npr. tretji otrok je edini v vrtcu, starej\u0161a dva sta \u017ee v osnovni \u0161oli).<\/p>\n<p style=\"text-align: justify\">\n<p style=\"text-align: justify\"><span style=\"color: #e02b20\"><strong>Splo\u0161no pravilo dolo\u010danja zni\u017eanega pla\u010dila vrtca:<\/strong><\/span><\/p>\n<p style=\"text-align: justify\">&#8211;<strong>Prvo rojeni otrok <\/strong>je prvi otrok (star\u0161i pla\u010dajo za vrtec v vi\u0161ini zni\u017eanega pla\u010dila v %, ki jim je dolo\u010den z odlo\u010dbo CSD);<\/p>\n<p style=\"text-align: justify\">&#8211;<strong>Drugo rojeni otrok <\/strong>je drugi otrok (star\u0161i so pla\u010dila za vrtec opro\u0161\u010deni, \u010de je mlaj\u0161i otrok v vrtcu skupaj s starej\u0161im otrokom);<\/p>\n<p style=\"text-align: justify\">&#8211;<strong>Tretji in nadaljnji rojeni otrok <\/strong>je tretji, \u010detrti in vsak nadaljnji otrok (star\u0161i so pla\u010dila za vrtec opro\u0161\u010deni, \u010detudi <strong>ni hkrati<\/strong> v vrtec klju\u010den njegov sorojenec).<\/p>\n<p style=\"text-align: justify\"><strong><\/strong><\/p>\n<p style=\"text-align: justify\"><span style=\"color: #e02b20\"><strong>Potek oprostitve pla\u010dila:<\/strong><\/span><\/p>\n<p style=\"text-align: justify\">&#8211; <strong>Star\u0161em, ki imajo na dan 1. 9. 2021 veljavno <\/strong><strong>odlo\u010dbo <\/strong><strong>o zni\u017eanem pla\u010dilu vrtca<\/strong> za otroke, ki so vklju\u010deni v vrtec (v \u010dasu veljavnosti odlo\u010dbe ni pri\u0161lo do nobenih sprememb), <strong>ni treba vlagati novih vlog<\/strong>. Pravica do brezpla\u010dnega vrtca se jim bo priznavala neposredno na podlagi zakona do izteka veljavnosti odlo\u010dbe. <strong>CSD jim bo\u00a0<\/strong><strong>posredoval pisno obvestilo <\/strong>o novih oprostitvah pla\u010dila vrtca, vrtci pa bodo <strong>podatek iz\u00a0<\/strong><strong>obvestila prejeli preko aplikacije CEUVIZ.<\/strong><\/p>\n<p style=\"text-align: justify\">&#8211; Star\u0161i, ki se jim je odlo\u010dba iztekla z dnem 31. 8. 2021, <strong>bo CSD po uradni dol\u017enosti\u00a0<\/strong><strong>odlo\u010dil o podalj\u0161anju pravice.<\/strong><\/p>\n<p style=\"text-align: justify\">&#8211; Star\u0161i, ki so otroke na novo vklju\u010dili v vrtec s 1. 9. 2021, so morali vlogo <strong>oddati v\u00a0<\/strong><strong>mesecu avgustu, da jim bo pravica do zni\u017eanega pla\u010dila vrtca priznana s 1. 9.\u00a0<\/strong><strong>2021<\/strong>. Opozarjamo, da morajo star\u0161i vlogo za zni\u017eano pla\u010dilo vrtca kljub dejstvu, da zakon za tretjega otroka dolo\u010da tim. brezpogojno brezpla\u010dnost, \u0161e vedno oddati vlogo na CSD, da jim izda odlo\u010dbo.<\/p>\n<p>[\/et_pb_text][\/et_pb_column][\/et_pb_row][\/et_pb_section]<\/p>\n","protected":false},"excerpt":{"rendered":"<p>[et_pb_section fb_built=&#8221;1&#8243; _builder_version=&#8221;4.7.3&#8243; _module_preset=&#8221;default&#8221;][et_pb_row _builder_version=&#8221;4.7.3&#8243; _module_preset=&#8221;default&#8221;][et_pb_column _builder_version=&#8221;4.7.3&#8243; _module_preset=&#8221;default&#8221; type=&#8221;4_4&#8243;][et_pb_text _builder_version=&#8221;4.7.3&#8243; _module_preset=&#8221;default&#8221; hover_enabled=&#8221;0&#8243; sticky_enabled=&#8221;0&#8243;] Novost: Star\u0161i, ki imajo v vrtec vklju\u010dena hkrati dva otroka, so pla\u010dila za mlaj\u0161ega otroka opro\u0161\u010deni. Star\u0161i [&hellip;]<\/p>\n","protected":false},"author":81642,"featured_media":0,"comment_status":"closed","ping_status":"open","sticky":false,"template":"","format":"standard","meta":{"ngg_post_thumbnail":0,"footnotes":""},"categories":[1],"tags":[],"class_list":["post-3104","post","type-post","status-publish","format-standard","hentry","category-novice"],"_links":{"self":[{"href":"https:\/\/vrtecsalovci.splet.arnes.si\/index.php?rest_route=\/wp\/v2\/posts\/3104","targetHints":{"allow":["GET"]}}],"collection":[{"href":"https:\/\/vrtecsalovci.splet.arnes.si\/index.php?rest_route=\/wp\/v2\/posts"}],"about":[{"href":"https:\/\/vrtecsalovci.splet.arnes.si\/index.php?rest_route=\/wp\/v2\/types\/post"}],"author":[{"embeddable":true,"href":"https:\/\/vrtecsalovci.splet.arnes.si\/index.php?rest_route=\/wp\/v2\/users\/81642"}],"replies":[{"embeddable":true,"href":"https:\/\/vrtecsalovci.splet.arnes.si\/index.php?rest_route=%2Fwp%2Fv2%2Fcomments&post=3104"}],"version-history":[{"count":3,"href":"https:\/\/vrtecsalovci.splet.arnes.si\/index.php?rest_route=\/wp\/v2\/posts\/3104\/revisions"}],"predecessor-version":[{"id":3108,"href":"https:\/\/vrtecsalovci.splet.arnes.si\/index.php?rest_route=\/wp\/v2\/posts\/3104\/revisions\/3108"}],"wp:attachment":[{"href":"https:\/\/vrtecsalovci.splet.arnes.si\/index.php?rest_route=%2Fwp%2Fv2%2Fmedia&parent=3104"}],"wp:term":[{"taxonomy":"category","embeddable":true,"href":"https:\/\/vrtecsalovci.splet.arnes.si\/index.php?rest_route=%2Fwp%2Fv2%2Fcategories&post=3104"},{"taxonomy":"post_tag","embeddable":true,"href":"https:\/\/vrtecsalovci.splet.arnes.si\/index.php?rest_route=%2Fwp%2Fv2%2Ftags&post=3104"}],"curies":[{"name":"wp","href":"https:\/\/api.w.org\/{rel}","templated":true}]}}