{"id":3112,"date":"2021-09-20T09:03:31","date_gmt":"2021-09-20T07:03:31","guid":{"rendered":"https:\/\/vrtecsalovci.splet.arnes.si\/?p=3112"},"modified":"2021-09-20T09:05:02","modified_gmt":"2021-09-20T07:05:02","slug":"3112","status":"publish","type":"post","link":"https:\/\/vrtecsalovci.splet.arnes.si\/?p=3112","title":{"rendered":"Roditeljski sestanek"},"content":{"rendered":"<p>[et_pb_section fb_built=&#8221;1&#8243; _builder_version=&#8221;4.7.3&#8243; _module_preset=&#8221;default&#8221;][et_pb_row column_structure=&#8221;1_2,1_2&#8243; _builder_version=&#8221;4.7.3&#8243; _module_preset=&#8221;default&#8221;][et_pb_column type=&#8221;1_2&#8243; _builder_version=&#8221;4.7.3&#8243; _module_preset=&#8221;default&#8221;][et_pb_text _builder_version=&#8221;4.7.3&#8243; _module_preset=&#8221;default&#8221; custom_padding=&#8221;|||5px|false|false&#8221; border_width_all=&#8221;2px&#8221; border_style_all=&#8221;dotted&#8221;]<\/p>\n<p><strong>Spo\u0161tovani star\u0161i!<\/strong><\/p>\n<p>Prijazno vabljeni na<\/p>\n<p><strong>PRVI RODITELJSKI SESTANEK MANJ\u0160E SKUPINE<\/strong>,\u00a0 ki bo v <strong>PONEDELJEK 20.9.2021, OB 16.00 URI,<\/strong> v vrtcu \u0160alovci.<\/p>\n<p><strong>POGOVORNE URE:<\/strong><\/p>\n<p><strong>vsak drugi ponedeljek v mesecu od 16.00-17.00 ure.<\/strong><\/p>\n<p>Prijazno napro\u0161amo, da se roditeljskega sestanka udele\u017ei samo eden star\u0161.<\/p>\n<p><strong>DNEVNI RED:<\/strong><\/p>\n<ul>\n<li>Seznanitev z delom vrtca.<\/li>\n<li>Delo in \u017eivljenje otrok v skupini.<\/li>\n<li>Razno<\/li>\n<\/ul>\n<p>Ravnateljica in vzgojni tim (Barbara Ostri\u010d in Violeta \u017dujs \u0160kerlak)<\/p>\n<p>[\/et_pb_text][\/et_pb_column][et_pb_column type=&#8221;1_2&#8243; _builder_version=&#8221;4.7.3&#8243; _module_preset=&#8221;default&#8221;][et_pb_text _builder_version=&#8221;4.7.3&#8243; _module_preset=&#8221;default&#8221; custom_padding=&#8221;|||5px|false|false&#8221; border_width_all=&#8221;2px&#8221; border_style_all=&#8221;dotted&#8221;]<\/p>\n<p><strong>Spo\u0161tovani star\u0161i!<\/strong><\/p>\n<p>Prijazno vabljeni na<\/p>\n<p><strong>PRVI RODITELJSKI SESTANEK VE\u010cJE SKUPINE<\/strong>,\u00a0 ki bo v <strong>TOREK 21.9.2021, OB 16.00 URI,<\/strong> v vrtcu \u0160alovci.<\/p>\n<p><strong>POGOVORNE URE:<\/strong><\/p>\n<p><strong>vsak drugi torek v mesecu od 16.00-17.00 ure.<\/strong><\/p>\n<p>Prijazno napro\u0161amo, da se roditeljskega sestanka udele\u017ei samo eden star\u0161.<\/p>\n<p><strong><\/strong><\/p>\n<p><strong>DNEVNI RED:<\/strong><\/p>\n<ul>\n<li>Seznanitev z delom vrtca.<\/li>\n<li>Delo in \u017eivljenje otrok v skupini.<\/li>\n<li>Razno<\/li>\n<\/ul>\n<p>Ravnateljica in vzgojni tim (Mateja Gjergjek in Nu\u0161a Kova\u010d)<\/p>\n<p>[\/et_pb_text][\/et_pb_column][\/et_pb_row][\/et_pb_section]<\/p>\n","protected":false},"excerpt":{"rendered":"<p>[et_pb_section fb_built=&#8221;1&#8243; _builder_version=&#8221;4.7.3&#8243; _module_preset=&#8221;default&#8221;][et_pb_row column_structure=&#8221;1_2,1_2&#8243; _builder_version=&#8221;4.7.3&#8243; _module_preset=&#8221;default&#8221;][et_pb_column type=&#8221;1_2&#8243; _builder_version=&#8221;4.7.3&#8243; _module_preset=&#8221;default&#8221;][et_pb_text _builder_version=&#8221;4.7.3&#8243; _module_preset=&#8221;default&#8221; custom_padding=&#8221;|||5px|false|false&#8221; border_width_all=&#8221;2px&#8221; border_style_all=&#8221;dotted&#8221;] Spo\u0161tovani star\u0161i! Prijazno vabljeni na PRVI RODITELJSKI SESTANEK MANJ\u0160E SKUPINE,\u00a0 ki bo v PONEDELJEK 20.9.2021, [&hellip;]<\/p>\n","protected":false},"author":81642,"featured_media":0,"comment_status":"closed","ping_status":"open","sticky":false,"template":"","format":"standard","meta":{"ngg_post_thumbnail":0,"footnotes":""},"categories":[1],"tags":[],"class_list":["post-3112","post","type-post","status-publish","format-standard","hentry","category-novice"],"_links":{"self":[{"href":"https:\/\/vrtecsalovci.splet.arnes.si\/index.php?rest_route=\/wp\/v2\/posts\/3112","targetHints":{"allow":["GET"]}}],"collection":[{"href":"https:\/\/vrtecsalovci.splet.arnes.si\/index.php?rest_route=\/wp\/v2\/posts"}],"about":[{"href":"https:\/\/vrtecsalovci.splet.arnes.si\/index.php?rest_route=\/wp\/v2\/types\/post"}],"author":[{"embeddable":true,"href":"https:\/\/vrtecsalovci.splet.arnes.si\/index.php?rest_route=\/wp\/v2\/users\/81642"}],"replies":[{"embeddable":true,"href":"https:\/\/vrtecsalovci.splet.arnes.si\/index.php?rest_route=%2Fwp%2Fv2%2Fcomments&post=3112"}],"version-history":[{"count":8,"href":"https:\/\/vrtecsalovci.splet.arnes.si\/index.php?rest_route=\/wp\/v2\/posts\/3112\/revisions"}],"predecessor-version":[{"id":3123,"href":"https:\/\/vrtecsalovci.splet.arnes.si\/index.php?rest_route=\/wp\/v2\/posts\/3112\/revisions\/3123"}],"wp:attachment":[{"href":"https:\/\/vrtecsalovci.splet.arnes.si\/index.php?rest_route=%2Fwp%2Fv2%2Fmedia&parent=3112"}],"wp:term":[{"taxonomy":"category","embeddable":true,"href":"https:\/\/vrtecsalovci.splet.arnes.si\/index.php?rest_route=%2Fwp%2Fv2%2Fcategories&post=3112"},{"taxonomy":"post_tag","embeddable":true,"href":"https:\/\/vrtecsalovci.splet.arnes.si\/index.php?rest_route=%2Fwp%2Fv2%2Ftags&post=3112"}],"curies":[{"name":"wp","href":"https:\/\/api.w.org\/{rel}","templated":true}]}}