{"id":3275,"date":"2021-10-06T12:28:07","date_gmt":"2021-10-06T10:28:07","guid":{"rendered":"https:\/\/vrtecsalovci.splet.arnes.si\/?p=3275"},"modified":"2021-10-06T12:28:43","modified_gmt":"2021-10-06T10:28:43","slug":"teden-otroka-torek","status":"publish","type":"post","link":"https:\/\/vrtecsalovci.splet.arnes.si\/?p=3275","title":{"rendered":"Teden otroka-torek"},"content":{"rendered":"<p>[et_pb_section fb_built=&#8221;1&#8243; _builder_version=&#8221;4.7.3&#8243; _module_preset=&#8221;default&#8221;][et_pb_row _builder_version=&#8221;4.7.3&#8243; _module_preset=&#8221;default&#8221;][et_pb_column _builder_version=&#8221;4.7.3&#8243; _module_preset=&#8221;default&#8221; type=&#8221;4_4&#8243;][et_pb_text _builder_version=&#8221;4.7.3&#8243; _module_preset=&#8221;default&#8221; hover_enabled=&#8221;0&#8243; sticky_enabled=&#8221;0&#8243;]<\/p>\n<p style=\"text-align: justify\"><span>V torek smo za mlaj\u0161o skupino organizirali orientacijski pohod. Z orientacijskim pohodom smo popestrili vsakdanjik v vrtcu \u2013 gibanje, iskanje zaklada in u\u017eivanje v lepem vremenu. Zaklad smo uspe\u0161no na\u0161li in si priborili medalje. \u010cestitke\u2026 Ve\u010d v <a href=\"https:\/\/vrtecsalovci.splet.arnes.si\/?project=orientacijski-pohod-mlajsa-skupina\">fotogaleriji..<\/a><\/span><a href=\"https:\/\/vrtecsalovci.splet.arnes.si\/?project=orientacijski-pohod-mlajsa-skupina\">.<\/a><\/p>\n<p>[\/et_pb_text][et_pb_gallery _builder_version=&#8221;4.7.3&#8243; _module_preset=&#8221;default&#8221; gallery_ids=&#8221;3189,3192,3191&#8243; show_pagination=&#8221;off&#8221; show_title_and_caption=&#8221;off&#8221; hover_enabled=&#8221;0&#8243; sticky_enabled=&#8221;0&#8243;][\/et_pb_gallery][et_pb_text _builder_version=&#8221;4.7.3&#8243; _module_preset=&#8221;default&#8221; hover_enabled=&#8221;0&#8243; sticky_enabled=&#8221;0&#8243;]<\/p>\n<p style=\"text-align: justify\"><span>Tudi starej\u0161a skupina se je v torek odpravila na orientacijski pohod.\u00a0<\/span><span>Lep dan, razigrani in radovedni otroci, ter vzgojiteljici\u2026smo se odpravili na lov za zakladom\u2026na\u0161o pot si oglejte v <a href=\"https:\/\/vrtecsalovci.splet.arnes.si\/?project=orientacijski-pohod-starejsa-skupina\">fotogaleriji\u2026<\/a><\/span><\/p>\n<p>[\/et_pb_text][et_pb_gallery _builder_version=&#8221;4.7.3&#8243; _module_preset=&#8221;default&#8221; gallery_ids=&#8221;3176,3169,3174,3168&#8243; hover_enabled=&#8221;0&#8243; sticky_enabled=&#8221;0&#8243; show_pagination=&#8221;off&#8221; show_title_and_caption=&#8221;off&#8221;][\/et_pb_gallery][\/et_pb_column][\/et_pb_row][\/et_pb_section]<\/p>\n","protected":false},"excerpt":{"rendered":"<p>[et_pb_section fb_built=&#8221;1&#8243; _builder_version=&#8221;4.7.3&#8243; _module_preset=&#8221;default&#8221;][et_pb_row _builder_version=&#8221;4.7.3&#8243; _module_preset=&#8221;default&#8221;][et_pb_column _builder_version=&#8221;4.7.3&#8243; _module_preset=&#8221;default&#8221; type=&#8221;4_4&#8243;][et_pb_text _builder_version=&#8221;4.7.3&#8243; _module_preset=&#8221;default&#8221; hover_enabled=&#8221;0&#8243; sticky_enabled=&#8221;0&#8243;] V torek smo za mlaj\u0161o skupino organizirali orientacijski pohod. Z orientacijskim pohodom smo popestrili vsakdanjik v vrtcu [&hellip;]<\/p>\n","protected":false},"author":81642,"featured_media":0,"comment_status":"closed","ping_status":"open","sticky":false,"template":"","format":"standard","meta":{"ngg_post_thumbnail":0,"footnotes":""},"categories":[1],"tags":[],"class_list":["post-3275","post","type-post","status-publish","format-standard","hentry","category-novice"],"_links":{"self":[{"href":"https:\/\/vrtecsalovci.splet.arnes.si\/index.php?rest_route=\/wp\/v2\/posts\/3275","targetHints":{"allow":["GET"]}}],"collection":[{"href":"https:\/\/vrtecsalovci.splet.arnes.si\/index.php?rest_route=\/wp\/v2\/posts"}],"about":[{"href":"https:\/\/vrtecsalovci.splet.arnes.si\/index.php?rest_route=\/wp\/v2\/types\/post"}],"author":[{"embeddable":true,"href":"https:\/\/vrtecsalovci.splet.arnes.si\/index.php?rest_route=\/wp\/v2\/users\/81642"}],"replies":[{"embeddable":true,"href":"https:\/\/vrtecsalovci.splet.arnes.si\/index.php?rest_route=%2Fwp%2Fv2%2Fcomments&post=3275"}],"version-history":[{"count":5,"href":"https:\/\/vrtecsalovci.splet.arnes.si\/index.php?rest_route=\/wp\/v2\/posts\/3275\/revisions"}],"predecessor-version":[{"id":3282,"href":"https:\/\/vrtecsalovci.splet.arnes.si\/index.php?rest_route=\/wp\/v2\/posts\/3275\/revisions\/3282"}],"wp:attachment":[{"href":"https:\/\/vrtecsalovci.splet.arnes.si\/index.php?rest_route=%2Fwp%2Fv2%2Fmedia&parent=3275"}],"wp:term":[{"taxonomy":"category","embeddable":true,"href":"https:\/\/vrtecsalovci.splet.arnes.si\/index.php?rest_route=%2Fwp%2Fv2%2Fcategories&post=3275"},{"taxonomy":"post_tag","embeddable":true,"href":"https:\/\/vrtecsalovci.splet.arnes.si\/index.php?rest_route=%2Fwp%2Fv2%2Ftags&post=3275"}],"curies":[{"name":"wp","href":"https:\/\/api.w.org\/{rel}","templated":true}]}}