{"id":3496,"date":"2021-10-27T09:52:42","date_gmt":"2021-10-27T07:52:42","guid":{"rendered":"https:\/\/vrtecsalovci.splet.arnes.si\/?p=3496"},"modified":"2021-10-27T09:52:43","modified_gmt":"2021-10-27T07:52:43","slug":"mreza-gozdnih-vrtcev","status":"publish","type":"post","link":"https:\/\/vrtecsalovci.splet.arnes.si\/?p=3496","title":{"rendered":"Mre\u017ea gozdnih vrtcev"},"content":{"rendered":"<p>[et_pb_section fb_built=&#8221;1&#8243; _builder_version=&#8221;4.7.3&#8243; _module_preset=&#8221;default&#8221;][et_pb_row _builder_version=&#8221;4.7.3&#8243; _module_preset=&#8221;default&#8221;][et_pb_column _builder_version=&#8221;4.7.3&#8243; _module_preset=&#8221;default&#8221; type=&#8221;4_4&#8243;][et_pb_text _builder_version=&#8221;4.7.3&#8243; _module_preset=&#8221;default&#8221; hover_enabled=&#8221;0&#8243; sticky_enabled=&#8221;0&#8243;]<\/p>\n<p style=\"text-align: center\"><a href=\"https:\/\/vrtecsalovci.splet.arnes.si\/files\/2021\/10\/mre\u017ea-gozdnih-vrtcev.jpg\"><img loading=\"lazy\" decoding=\"async\" src=\"https:\/\/vrtecsalovci.splet.arnes.si\/files\/2021\/10\/mre\u017ea-gozdnih-vrtcev-300x85.jpg\" width=\"300\" height=\"85\" alt=\"\" class=\"wp-image-3495 alignnone size-medium\" srcset=\"https:\/\/vrtecsalovci.splet.arnes.si\/files\/2021\/10\/mre\u017ea-gozdnih-vrtcev-300x85.jpg 300w, https:\/\/vrtecsalovci.splet.arnes.si\/files\/2021\/10\/mre\u017ea-gozdnih-vrtcev-768x217.jpg 768w, https:\/\/vrtecsalovci.splet.arnes.si\/files\/2021\/10\/mre\u017ea-gozdnih-vrtcev-480x135.jpg 480w, https:\/\/vrtecsalovci.splet.arnes.si\/files\/2021\/10\/mre\u017ea-gozdnih-vrtcev.jpg 950w\" sizes=\"auto, (max-width: 300px) 100vw, 300px\" \/><\/a><\/p>\n<p style=\"text-align: justify\"><em>Na ravni Mre\u017ee gozdnih vrtcev bosta sodelovali obe skupini vrtca, tako otroci stari od 1 do 3 let, in tisti starej\u0161i od 3 do 6 let. V Vrtcu pri\u00a0 O\u0160 \u0160alovci imamo naravo na dosego rok. V neposredni bli\u017eini vrtca, tako najdemo gozdove, travnike, polja, sadovnjake ,&#8230; . Vzgojiteljice le to izkoristimo za nenehno raziskovanje, opazovanje, raznorazna do\u017eivetja in nepozabne izku\u0161nje. V naravo se odpravimo skoraj vsakodnevno, gozd pa obiskujemo vsaj enkrat na teden. Obiske gozda vzgojiteljice povezujemo z vsemi podro\u010dji kurikuluma, zato tam pojemo, ple\u0161emo, izvajamo naravne oblike gibanja, beremo pravljice, spoznavamo \u017eivali, \u2026 . Ideje pa \u010drpamo iz kril otro\u0161ke domi\u0161ljije, kjer odkrivamo \u010darobnost na\u0161e \u010dudovite narave.\u00a0 Otroci potrebujejo svobodo, da pustijo svoji domi\u0161ljiji prosto pot in le to najbolj lahko izkoristijo v naravi. Te\u017eimo k \u010dim ve\u010dji svobodi gibanja, proste igre in zavedanja pomena naravnega okolja. Menimo, da gozd prina\u0161a otrokom veliko prednosti, kot so: ve\u010d zdravja, sve\u017e zrak, bolj\u0161i razvoj motori\u010dnih spretnosti; zato z vklju\u010ditvijo k Mre\u017ei gozdnih vrtcev, \u017eelimo \u010dim ve\u010d dejavnosti prenesti v naravo in jih \u0161e bolj obogatiti. V ta namen smo tudi zeleno povr\u0161ino vrtca opremili z gozdno telovadnico in naravno \u010dutno potjo, kjer otroci raziskujejo svoje gibalne spretnosti. Otrokom obiski gozdov in bli\u017enje narave znova in znova predstavlja nove izzive, tam so spro\u0161\u010deni in imajo \u010das zase.\u00a0<\/em><\/p>\n<p style=\"text-align: justify\"><span style=\"font-size: x-small\"><em>(<a href=\"https:\/\/www.gozdna-pedagogika.si\/gozdni-vrtci\/\">https:\/\/www.gozdna-pedagogika.si\/gozdni-vrtci\/<\/a>)<\/em><\/span><\/p>\n<p style=\"text-align: justify\"><em><\/em><\/p>\n<p>[\/et_pb_text][et_pb_gallery _builder_version=&#8221;4.7.3&#8243; _module_preset=&#8221;default&#8221; gallery_ids=&#8221;3493,3492,3491,3490,3489,3494&#8243; posts_number=&#8221;6&#8243; show_pagination=&#8221;off&#8221; show_title_and_caption=&#8221;off&#8221; hover_enabled=&#8221;0&#8243; sticky_enabled=&#8221;0&#8243;][\/et_pb_gallery][\/et_pb_column][\/et_pb_row][\/et_pb_section]<\/p>\n","protected":false},"excerpt":{"rendered":"<p>[et_pb_section fb_built=&#8221;1&#8243; _builder_version=&#8221;4.7.3&#8243; _module_preset=&#8221;default&#8221;][et_pb_row _builder_version=&#8221;4.7.3&#8243; _module_preset=&#8221;default&#8221;][et_pb_column _builder_version=&#8221;4.7.3&#8243; _module_preset=&#8221;default&#8221; type=&#8221;4_4&#8243;][et_pb_text _builder_version=&#8221;4.7.3&#8243; _module_preset=&#8221;default&#8221; hover_enabled=&#8221;0&#8243; sticky_enabled=&#8221;0&#8243;] Na ravni Mre\u017ee gozdnih vrtcev bosta sodelovali obe skupini vrtca, tako otroci stari od 1 do 3 [&hellip;]<\/p>\n","protected":false},"author":81642,"featured_media":0,"comment_status":"closed","ping_status":"open","sticky":false,"template":"","format":"standard","meta":{"ngg_post_thumbnail":0,"footnotes":""},"categories":[1],"tags":[],"class_list":["post-3496","post","type-post","status-publish","format-standard","hentry","category-novice"],"_links":{"self":[{"href":"https:\/\/vrtecsalovci.splet.arnes.si\/index.php?rest_route=\/wp\/v2\/posts\/3496","targetHints":{"allow":["GET"]}}],"collection":[{"href":"https:\/\/vrtecsalovci.splet.arnes.si\/index.php?rest_route=\/wp\/v2\/posts"}],"about":[{"href":"https:\/\/vrtecsalovci.splet.arnes.si\/index.php?rest_route=\/wp\/v2\/types\/post"}],"author":[{"embeddable":true,"href":"https:\/\/vrtecsalovci.splet.arnes.si\/index.php?rest_route=\/wp\/v2\/users\/81642"}],"replies":[{"embeddable":true,"href":"https:\/\/vrtecsalovci.splet.arnes.si\/index.php?rest_route=%2Fwp%2Fv2%2Fcomments&post=3496"}],"version-history":[{"count":3,"href":"https:\/\/vrtecsalovci.splet.arnes.si\/index.php?rest_route=\/wp\/v2\/posts\/3496\/revisions"}],"predecessor-version":[{"id":3499,"href":"https:\/\/vrtecsalovci.splet.arnes.si\/index.php?rest_route=\/wp\/v2\/posts\/3496\/revisions\/3499"}],"wp:attachment":[{"href":"https:\/\/vrtecsalovci.splet.arnes.si\/index.php?rest_route=%2Fwp%2Fv2%2Fmedia&parent=3496"}],"wp:term":[{"taxonomy":"category","embeddable":true,"href":"https:\/\/vrtecsalovci.splet.arnes.si\/index.php?rest_route=%2Fwp%2Fv2%2Fcategories&post=3496"},{"taxonomy":"post_tag","embeddable":true,"href":"https:\/\/vrtecsalovci.splet.arnes.si\/index.php?rest_route=%2Fwp%2Fv2%2Ftags&post=3496"}],"curies":[{"name":"wp","href":"https:\/\/api.w.org\/{rel}","templated":true}]}}