{"id":3600,"date":"2021-11-15T10:46:09","date_gmt":"2021-11-15T09:46:09","guid":{"rendered":"https:\/\/vrtecsalovci.splet.arnes.si\/?p=3600"},"modified":"2021-11-15T10:46:09","modified_gmt":"2021-11-15T09:46:09","slug":"tradicionalni-slovenski-zajtrk","status":"publish","type":"post","link":"https:\/\/vrtecsalovci.splet.arnes.si\/?p=3600","title":{"rendered":"TRADICIONALNI SLOVENSKI ZAJTRK"},"content":{"rendered":"<p>[et_pb_section fb_built=&#8221;1&#8243; _builder_version=&#8221;4.7.3&#8243; _module_preset=&#8221;default&#8221;][et_pb_row _builder_version=&#8221;4.7.3&#8243; _module_preset=&#8221;default&#8221;][et_pb_column _builder_version=&#8221;4.7.3&#8243; _module_preset=&#8221;default&#8221; type=&#8221;4_4&#8243;][et_pb_text _builder_version=&#8221;4.7.3&#8243; _module_preset=&#8221;default&#8221; hover_enabled=&#8221;0&#8243; sticky_enabled=&#8221;0&#8243;]<\/p>\n<p style=\"text-align: justify\">Na dan slovenske hrane, ki ga obele\u017eujemo vsak<u> <\/u>tretji petek v novembru, letos 19. novembra, bo \u017ee enajsti\u010d potekal Tradicionalni slovenski zajtrk. V ta projekt so vklju\u010deni vrtci, osnovne \u0161ole, zavodi za vzgojo in izobra\u017eevanje otrok in mladostnikov s posebnimi potrebami ter druge institucije oz. javni zavodi.<\/p>\n<p style=\"text-align: justify\">V na\u0161em vrtcu bomo tudi v petek 19.11.2021 izvedli TRADICIONALNI SLOVENSKI ZAJTRK&#8230;se \u017ee veselimo\u2026<\/p>\n<p>[\/et_pb_text][et_pb_image src=&#8221;https:\/\/vrtecsalovci.splet.arnes.si\/files\/2021\/11\/zajtrk.jpg&#8221; _builder_version=&#8221;4.7.3&#8243; _module_preset=&#8221;default&#8221; title_text=&#8221;zajtrk&#8221; align=&#8221;center&#8221; hover_enabled=&#8221;0&#8243; sticky_enabled=&#8221;0&#8243; custom_padding=&#8221;|230px||||&#8221;][\/et_pb_image][\/et_pb_column][\/et_pb_row][\/et_pb_section]<\/p>\n","protected":false},"excerpt":{"rendered":"<p>[et_pb_section fb_built=&#8221;1&#8243; _builder_version=&#8221;4.7.3&#8243; _module_preset=&#8221;default&#8221;][et_pb_row _builder_version=&#8221;4.7.3&#8243; _module_preset=&#8221;default&#8221;][et_pb_column _builder_version=&#8221;4.7.3&#8243; _module_preset=&#8221;default&#8221; type=&#8221;4_4&#8243;][et_pb_text _builder_version=&#8221;4.7.3&#8243; _module_preset=&#8221;default&#8221; hover_enabled=&#8221;0&#8243; sticky_enabled=&#8221;0&#8243;] Na dan slovenske hrane, ki ga obele\u017eujemo vsak tretji petek v novembru, letos 19. novembra, bo \u017ee [&hellip;]<\/p>\n","protected":false},"author":81642,"featured_media":0,"comment_status":"closed","ping_status":"open","sticky":false,"template":"","format":"standard","meta":{"ngg_post_thumbnail":0,"footnotes":""},"categories":[1],"tags":[],"class_list":["post-3600","post","type-post","status-publish","format-standard","hentry","category-novice"],"_links":{"self":[{"href":"https:\/\/vrtecsalovci.splet.arnes.si\/index.php?rest_route=\/wp\/v2\/posts\/3600","targetHints":{"allow":["GET"]}}],"collection":[{"href":"https:\/\/vrtecsalovci.splet.arnes.si\/index.php?rest_route=\/wp\/v2\/posts"}],"about":[{"href":"https:\/\/vrtecsalovci.splet.arnes.si\/index.php?rest_route=\/wp\/v2\/types\/post"}],"author":[{"embeddable":true,"href":"https:\/\/vrtecsalovci.splet.arnes.si\/index.php?rest_route=\/wp\/v2\/users\/81642"}],"replies":[{"embeddable":true,"href":"https:\/\/vrtecsalovci.splet.arnes.si\/index.php?rest_route=%2Fwp%2Fv2%2Fcomments&post=3600"}],"version-history":[{"count":3,"href":"https:\/\/vrtecsalovci.splet.arnes.si\/index.php?rest_route=\/wp\/v2\/posts\/3600\/revisions"}],"predecessor-version":[{"id":3604,"href":"https:\/\/vrtecsalovci.splet.arnes.si\/index.php?rest_route=\/wp\/v2\/posts\/3600\/revisions\/3604"}],"wp:attachment":[{"href":"https:\/\/vrtecsalovci.splet.arnes.si\/index.php?rest_route=%2Fwp%2Fv2%2Fmedia&parent=3600"}],"wp:term":[{"taxonomy":"category","embeddable":true,"href":"https:\/\/vrtecsalovci.splet.arnes.si\/index.php?rest_route=%2Fwp%2Fv2%2Fcategories&post=3600"},{"taxonomy":"post_tag","embeddable":true,"href":"https:\/\/vrtecsalovci.splet.arnes.si\/index.php?rest_route=%2Fwp%2Fv2%2Ftags&post=3600"}],"curies":[{"name":"wp","href":"https:\/\/api.w.org\/{rel}","templated":true}]}}