{"id":3714,"date":"2021-12-14T14:49:42","date_gmt":"2021-12-14T13:49:42","guid":{"rendered":"https:\/\/vrtecsalovci.splet.arnes.si\/?p=3714"},"modified":"2021-12-14T14:50:33","modified_gmt":"2021-12-14T13:50:33","slug":"sajenje-bozicnega-zita","status":"publish","type":"post","link":"https:\/\/vrtecsalovci.splet.arnes.si\/?p=3714","title":{"rendered":"Sajenje bo\u017ei\u010dnega \u017eita"},"content":{"rendered":"<p>[et_pb_section fb_built=&#8221;1&#8243; _builder_version=&#8221;4.7.3&#8243; _module_preset=&#8221;default&#8221;][et_pb_row _builder_version=&#8221;4.7.3&#8243; _module_preset=&#8221;default&#8221;][et_pb_column type=&#8221;4_4&#8243; _builder_version=&#8221;4.7.3&#8243; _module_preset=&#8221;default&#8221;][et_pb_text _builder_version=&#8221;4.7.3&#8243; _module_preset=&#8221;default&#8221; hover_enabled=&#8221;0&#8243; admin_label=&#8221;Text&#8221; sticky_enabled=&#8221;0&#8243;]<\/p>\n<div dir=\"auto\">Setveni dan bo\u017ei\u010dnega \u017eita je 4. decembra, 8. decembra ali 13. decembra. Starej\u0161a skupina je posejala \u017ee 4. decembra, v \u010dudovitih jelen\u010dkih pa je tudi \u017ee za\u010delo rasti. Mlaj\u0161a skupina pa si je izbrala datum 13. december, sedaj pa morajo \u0161e samo pridno zalivati.<\/div>\n<div dir=\"auto\">Pregovor: &#8220;Kar seje\u0161, to \u017eanje\u0161&#8221;. Otroci vrtca pri O\u0160 \u0160alovci smo posejali bo\u017ei\u010dno \u017eito, sedaj pa v teh prazni\u010dnih dneh &#8220;posejmo&#8221; \u0161e ljubezen, sre\u010do in mir, da bomo lahko v naslednjem letu le to tudi &#8220;po\u017eeli&#8221;.<\/div>\n<p>[\/et_pb_text][et_pb_gallery gallery_ids=&#8221;3698,3699,3700,3702,3701,3703,3704,3705,3706,3707,3708,3709,3710,3711,3712,3713&#8243; posts_number=&#8221;16&#8243; show_title_and_caption=&#8221;off&#8221; show_pagination=&#8221;off&#8221; _builder_version=&#8221;4.7.3&#8243; _module_preset=&#8221;default&#8221;][\/et_pb_gallery][\/et_pb_column][\/et_pb_row][\/et_pb_section]<\/p>\n","protected":false},"excerpt":{"rendered":"<p>[et_pb_section fb_built=&#8221;1&#8243; _builder_version=&#8221;4.7.3&#8243; _module_preset=&#8221;default&#8221;][et_pb_row _builder_version=&#8221;4.7.3&#8243; _module_preset=&#8221;default&#8221;][et_pb_column type=&#8221;4_4&#8243; _builder_version=&#8221;4.7.3&#8243; _module_preset=&#8221;default&#8221;][et_pb_text _builder_version=&#8221;4.7.3&#8243; _module_preset=&#8221;default&#8221; hover_enabled=&#8221;0&#8243; admin_label=&#8221;Text&#8221; sticky_enabled=&#8221;0&#8243;] Setveni dan bo\u017ei\u010dnega \u017eita je 4. decembra, 8. decembra ali 13. decembra. Starej\u0161a skupina je posejala [&hellip;]<\/p>\n","protected":false},"author":81642,"featured_media":0,"comment_status":"closed","ping_status":"open","sticky":false,"template":"","format":"standard","meta":{"ngg_post_thumbnail":0,"footnotes":""},"categories":[1],"tags":[],"class_list":["post-3714","post","type-post","status-publish","format-standard","hentry","category-novice"],"_links":{"self":[{"href":"https:\/\/vrtecsalovci.splet.arnes.si\/index.php?rest_route=\/wp\/v2\/posts\/3714","targetHints":{"allow":["GET"]}}],"collection":[{"href":"https:\/\/vrtecsalovci.splet.arnes.si\/index.php?rest_route=\/wp\/v2\/posts"}],"about":[{"href":"https:\/\/vrtecsalovci.splet.arnes.si\/index.php?rest_route=\/wp\/v2\/types\/post"}],"author":[{"embeddable":true,"href":"https:\/\/vrtecsalovci.splet.arnes.si\/index.php?rest_route=\/wp\/v2\/users\/81642"}],"replies":[{"embeddable":true,"href":"https:\/\/vrtecsalovci.splet.arnes.si\/index.php?rest_route=%2Fwp%2Fv2%2Fcomments&post=3714"}],"version-history":[{"count":3,"href":"https:\/\/vrtecsalovci.splet.arnes.si\/index.php?rest_route=\/wp\/v2\/posts\/3714\/revisions"}],"predecessor-version":[{"id":3718,"href":"https:\/\/vrtecsalovci.splet.arnes.si\/index.php?rest_route=\/wp\/v2\/posts\/3714\/revisions\/3718"}],"wp:attachment":[{"href":"https:\/\/vrtecsalovci.splet.arnes.si\/index.php?rest_route=%2Fwp%2Fv2%2Fmedia&parent=3714"}],"wp:term":[{"taxonomy":"category","embeddable":true,"href":"https:\/\/vrtecsalovci.splet.arnes.si\/index.php?rest_route=%2Fwp%2Fv2%2Fcategories&post=3714"},{"taxonomy":"post_tag","embeddable":true,"href":"https:\/\/vrtecsalovci.splet.arnes.si\/index.php?rest_route=%2Fwp%2Fv2%2Ftags&post=3714"}],"curies":[{"name":"wp","href":"https:\/\/api.w.org\/{rel}","templated":true}]}}