{"id":3843,"date":"2022-02-09T09:28:45","date_gmt":"2022-02-09T08:28:45","guid":{"rendered":"https:\/\/vrtecsalovci.splet.arnes.si\/?p=3843"},"modified":"2022-02-09T09:29:12","modified_gmt":"2022-02-09T08:29:12","slug":"3843","status":"publish","type":"post","link":"https:\/\/vrtecsalovci.splet.arnes.si\/?p=3843","title":{"rendered":"Zbiranje zama\u0161kov"},"content":{"rendered":"<p>Tudi na\u0161 vrtec se pridru\u017euje <strong>akciji Pal\u010dice Pomagal\u010dice in dobrodelnih \u0161kratkov \u201cZbiramo zama\u0161ke<\/strong>\u201c.<\/p>\n<p>Zbrana sredstva bodo namenjena malemu de\u010dku Urbanu, ki ima redko gensko bolezen in za katerega skupina znanstvenikov na pobudo star\u0161ev i\u0161\u010de zdravilo. Urban je nasmejan fantek, \u00a0ki ne hodi in ne govori. Z odkritjem zdravila bi tudi on lahko po\u010del vse to, kar zmoremo mi.<\/p>\n<p><strong>Zbiramo pa samo zama\u0161ke \u017eivilskih artiklov, zato ne prina\u0161ajte zama\u0161kov \u010distil, detergentov, meh\u010dalcev in podobno.<\/strong><\/p>\n<p>Plasti\u010dne zama\u0161ke bomo zbirali do konca tega \u0161olskega leta. Zama\u0161ke oddajte v \u0161katlo pred vhodnimi vrati vrtca.<\/p>\n<p>Vsak zama\u0161ek \u0161teje!<\/p>\n<p>Hvala za sodelovanje.<a href=\"https:\/\/vrtecsalovci.splet.arnes.si\/files\/2022\/02\/zamaski.jpg\"><img loading=\"lazy\" decoding=\"async\" class=\" wp-image-3842 aligncenter\" src=\"https:\/\/vrtecsalovci.splet.arnes.si\/files\/2022\/02\/zamaski-300x212.jpg\" alt=\"\" width=\"369\" height=\"261\" srcset=\"https:\/\/vrtecsalovci.splet.arnes.si\/files\/2022\/02\/zamaski-300x212.jpg 300w, https:\/\/vrtecsalovci.splet.arnes.si\/files\/2022\/02\/zamaski-1024x724.jpg 1024w, https:\/\/vrtecsalovci.splet.arnes.si\/files\/2022\/02\/zamaski-768x543.jpg 768w, https:\/\/vrtecsalovci.splet.arnes.si\/files\/2022\/02\/zamaski-400x284.jpg 400w, https:\/\/vrtecsalovci.splet.arnes.si\/files\/2022\/02\/zamaski-1080x764.jpg 1080w, https:\/\/vrtecsalovci.splet.arnes.si\/files\/2022\/02\/zamaski-1280x905.jpg 1280w, https:\/\/vrtecsalovci.splet.arnes.si\/files\/2022\/02\/zamaski-980x693.jpg 980w, https:\/\/vrtecsalovci.splet.arnes.si\/files\/2022\/02\/zamaski-480x339.jpg 480w, https:\/\/vrtecsalovci.splet.arnes.si\/files\/2022\/02\/zamaski.jpg 1440w\" sizes=\"auto, (max-width: 369px) 100vw, 369px\" \/><\/a><\/p>\n","protected":false},"excerpt":{"rendered":"<p>Tudi na\u0161 vrtec se pridru\u017euje akciji Pal\u010dice Pomagal\u010dice in dobrodelnih \u0161kratkov \u201cZbiramo zama\u0161ke\u201c. Zbrana sredstva bodo namenjena malemu de\u010dku Urbanu, ki ima redko gensko bolezen in za katerega skupina znanstvenikov [&hellip;]<\/p>\n","protected":false},"author":81642,"featured_media":0,"comment_status":"closed","ping_status":"open","sticky":false,"template":"","format":"standard","meta":{"ngg_post_thumbnail":0,"footnotes":""},"categories":[1],"tags":[],"class_list":["post-3843","post","type-post","status-publish","format-standard","hentry","category-novice"],"_links":{"self":[{"href":"https:\/\/vrtecsalovci.splet.arnes.si\/index.php?rest_route=\/wp\/v2\/posts\/3843","targetHints":{"allow":["GET"]}}],"collection":[{"href":"https:\/\/vrtecsalovci.splet.arnes.si\/index.php?rest_route=\/wp\/v2\/posts"}],"about":[{"href":"https:\/\/vrtecsalovci.splet.arnes.si\/index.php?rest_route=\/wp\/v2\/types\/post"}],"author":[{"embeddable":true,"href":"https:\/\/vrtecsalovci.splet.arnes.si\/index.php?rest_route=\/wp\/v2\/users\/81642"}],"replies":[{"embeddable":true,"href":"https:\/\/vrtecsalovci.splet.arnes.si\/index.php?rest_route=%2Fwp%2Fv2%2Fcomments&post=3843"}],"version-history":[{"count":2,"href":"https:\/\/vrtecsalovci.splet.arnes.si\/index.php?rest_route=\/wp\/v2\/posts\/3843\/revisions"}],"predecessor-version":[{"id":3845,"href":"https:\/\/vrtecsalovci.splet.arnes.si\/index.php?rest_route=\/wp\/v2\/posts\/3843\/revisions\/3845"}],"wp:attachment":[{"href":"https:\/\/vrtecsalovci.splet.arnes.si\/index.php?rest_route=%2Fwp%2Fv2%2Fmedia&parent=3843"}],"wp:term":[{"taxonomy":"category","embeddable":true,"href":"https:\/\/vrtecsalovci.splet.arnes.si\/index.php?rest_route=%2Fwp%2Fv2%2Fcategories&post=3843"},{"taxonomy":"post_tag","embeddable":true,"href":"https:\/\/vrtecsalovci.splet.arnes.si\/index.php?rest_route=%2Fwp%2Fv2%2Ftags&post=3843"}],"curies":[{"name":"wp","href":"https:\/\/api.w.org\/{rel}","templated":true}]}}