{"id":3882,"date":"2022-02-21T09:07:00","date_gmt":"2022-02-21T08:07:00","guid":{"rendered":"https:\/\/vrtecsalovci.splet.arnes.si\/?p=3882"},"modified":"2022-02-21T10:51:38","modified_gmt":"2022-02-21T09:51:38","slug":"obvestilo-sproscanje-ukrepov","status":"publish","type":"post","link":"https:\/\/vrtecsalovci.splet.arnes.si\/?p=3882","title":{"rendered":"Obvestilo-spro\u0161\u010danje ukrepov"},"content":{"rendered":"<p>Spo\u0161tovani star\u0161i,<\/p>\n<p>z dana\u0161njim dnem, 21.02.2022, se na podro\u010dju vzgoje in izobra\u017eevanja opu\u0161\u010da ugotavljanje izpolnjevanja pogoja preboleli, cepljeni in testirani (PCT). Prav tako se ukinja samotestiranje v \u0161olah, tako za zaposlene kot tudi za u\u010dence.<\/p>\n<p>V veljavi pa \u0161e vedno ostajajo nekateri ukrepi, ki so potrebni za prepre\u010devanje in obvladovanje oku\u017eb z nalezljivo boleznijo COVID-19, in se z njimi zagotavlja varno u\u010dno okolje.<\/p>\n<p>Ti ukrepi so:<\/p>\n<ul>\n<li><strong>Higienski<\/strong> (umivanje rok, razku\u017eevanje prostorov, zra\u010denje,&#8230;) in se izvajajo enako kot do sedaj. Ob vstopu v vzgojno-izobra\u017eevalni prostor je obvezno razku\u017eevanje rok z razku\u017eilom, ki je registrirano za ta namen in uvr\u0161\u010deno v Register biocidnih proizvodov, ki ga vodi in na svoji spletni strani objavlja Urad Republike Slovenije za kemikalije.<\/li>\n<li><strong>Vzdr\u017eevanje varnostne razdalje <\/strong>med osebami, \u0161e posebno, \u010de se ne uporabljajo za\u0161\u010ditne maske.<\/li>\n<li><strong>Uporaba za\u0161\u010ditne maske tipa II ali IIR, maske tipa FFP2 ali maske <\/strong><strong>tipa FFP3<\/strong> (v nadaljnjem besedilu: za\u0161\u010ditna maska) je obvezna pri gibanju in zadr\u017eevanju v vseh zaprtih javnih krajih oziroma prostorih. V \u0161olah to pomeni, da u\u010denci in zaposleni obvezno uporabljajo za\u0161\u010ditno masko praviloma pri vseh oblikah izvajanja pouka in drugih dejavnosti znotraj \u0161olskega prostora (izjeme so dolo\u010dene v 12. \u010dlenu odloka) in tudi pri gibanju in zadr\u017eevanju na odprtih javnih krajih oziroma prostorih, \u010de ni mogo\u010de zagotoviti medosebne razdalje vsaj 1,5 metra. \u010ce u\u010denec ali dijak ne uporablja za\u0161\u010ditne maske, se mu v prostoru, kjer se izvaja pouk ali druga dejavnost \u0161ole, zagotovi varnostna razdalja 1,5 m. \u010ce ima \u0161ola v svojih internih aktih opredeljeno, da pomeni neupo\u0161tevanje no\u0161enja za\u0161\u010ditnih mask oziroma varnostno-higienskih ukrepov, kr\u0161enje \u0161olskih pravil, se po predvidenem postopku izre\u010dejo vzgojni ukrepi.<\/li>\n<\/ul>\n<p><strong><span style=\"text-decoration: underline\">\u0160e nadalje ni obvezna uporaba za\u0161\u010ditne maske za:<\/span><\/strong><\/p>\n<ul>\n<li>otroke, do dopolnjenega 6. leta starosti,<\/li>\n<li>vzgojitelje pred\u0161olskih otrok in vzgojitelje pred\u0161olskih otrok \u2013 pomo\u010dnike vzgojitelja pri opravljanju neposrednega dela z otroki,<\/li>\n<li>nastopajo\u010de na javnih kulturnih prireditvah in na njihovih vajah,<\/li>\n<li>osebe, ki izvajajo \u0161portno vadbo,<\/li>\n<li>osebe s posebnimi potrebami, ki jim je uporaba za\u0161\u010ditne maske iz objektivnih razlogov onemogo\u010dena,<\/li>\n<li>u\u010dence in dijake pri pouku \u0161portne vzgoje in pouku \u0161porta,<\/li>\n<li>u\u010dence glasbene \u0161ole pri pouku pihal, trobil, petja, plesne pripravnice, sodobnega plesa in baleta, ter dijake pri pouku plesa, petja in in\u0161trumenta,<\/li>\n<li>za tolma\u010de za slovenski znakovni jezik pri komunikaciji z gluhimi in naglu\u0161nimi<br \/>\nosebami<\/li>\n<\/ul>\n<p>NIJZ z 19. 2. 2022 dalje prehaja na nov sistem obravnave COVID-19, in sicer brez iskanja kontaktov in napotovanja v karanteno. Na NIJZ bodo obravnavali vse prejete sezname VRK, ki imajo ali bodo imeli kot datum zadnjega stika naveden datum do vklju\u010dno 18. 2. 2022.<\/p>\n<p>S prijaznimi pozdravi.<\/p>\n<p>[button link=&#8221;https:\/\/ossalovci.splet.arnes.si\/files\/2022\/02\/13817_Navodilo_VIZ_ukin_kara.pdf&#8221; color=&#8221;red&#8221; newwindow=&#8221;yes&#8221;] Navodila VIZ[\/button]<\/p>\n","protected":false},"excerpt":{"rendered":"<p>Spo\u0161tovani star\u0161i, z dana\u0161njim dnem, 21.02.2022, se na podro\u010dju vzgoje in izobra\u017eevanja opu\u0161\u010da ugotavljanje izpolnjevanja pogoja preboleli, cepljeni in testirani (PCT). Prav tako se ukinja samotestiranje v \u0161olah, tako za [&hellip;]<\/p>\n","protected":false},"author":81642,"featured_media":0,"comment_status":"closed","ping_status":"open","sticky":false,"template":"","format":"standard","meta":{"ngg_post_thumbnail":0,"footnotes":""},"categories":[1],"tags":[],"class_list":["post-3882","post","type-post","status-publish","format-standard","hentry","category-novice"],"_links":{"self":[{"href":"https:\/\/vrtecsalovci.splet.arnes.si\/index.php?rest_route=\/wp\/v2\/posts\/3882","targetHints":{"allow":["GET"]}}],"collection":[{"href":"https:\/\/vrtecsalovci.splet.arnes.si\/index.php?rest_route=\/wp\/v2\/posts"}],"about":[{"href":"https:\/\/vrtecsalovci.splet.arnes.si\/index.php?rest_route=\/wp\/v2\/types\/post"}],"author":[{"embeddable":true,"href":"https:\/\/vrtecsalovci.splet.arnes.si\/index.php?rest_route=\/wp\/v2\/users\/81642"}],"replies":[{"embeddable":true,"href":"https:\/\/vrtecsalovci.splet.arnes.si\/index.php?rest_route=%2Fwp%2Fv2%2Fcomments&post=3882"}],"version-history":[{"count":2,"href":"https:\/\/vrtecsalovci.splet.arnes.si\/index.php?rest_route=\/wp\/v2\/posts\/3882\/revisions"}],"predecessor-version":[{"id":3884,"href":"https:\/\/vrtecsalovci.splet.arnes.si\/index.php?rest_route=\/wp\/v2\/posts\/3882\/revisions\/3884"}],"wp:attachment":[{"href":"https:\/\/vrtecsalovci.splet.arnes.si\/index.php?rest_route=%2Fwp%2Fv2%2Fmedia&parent=3882"}],"wp:term":[{"taxonomy":"category","embeddable":true,"href":"https:\/\/vrtecsalovci.splet.arnes.si\/index.php?rest_route=%2Fwp%2Fv2%2Fcategories&post=3882"},{"taxonomy":"post_tag","embeddable":true,"href":"https:\/\/vrtecsalovci.splet.arnes.si\/index.php?rest_route=%2Fwp%2Fv2%2Ftags&post=3882"}],"curies":[{"name":"wp","href":"https:\/\/api.w.org\/{rel}","templated":true}]}}