{"id":3942,"date":"2022-03-23T07:36:43","date_gmt":"2022-03-23T06:36:43","guid":{"rendered":"https:\/\/vrtecsalovci.splet.arnes.si\/?p=3942"},"modified":"2022-03-23T07:37:19","modified_gmt":"2022-03-23T06:37:19","slug":"vpis-v-vrtec","status":"publish","type":"post","link":"https:\/\/vrtecsalovci.splet.arnes.si\/?p=3942","title":{"rendered":"Vpis v vrtec"},"content":{"rendered":"<p>[et_pb_section fb_built=&#8221;1&#8243; _builder_version=&#8221;4.14.7&#8243; _module_preset=&#8221;default&#8221; global_colors_info=&#8221;{}&#8221;][et_pb_row _builder_version=&#8221;4.14.7&#8243; _module_preset=&#8221;default&#8221; global_colors_info=&#8221;{}&#8221;][et_pb_column type=&#8221;4_4&#8243; _builder_version=&#8221;4.14.7&#8243; _module_preset=&#8221;default&#8221; global_colors_info=&#8221;{}&#8221;][et_pb_text _builder_version=&#8221;4.14.7&#8243; _module_preset=&#8221;default&#8221; hover_enabled=&#8221;0&#8243; global_colors_info=&#8221;{}&#8221; sticky_enabled=&#8221;0&#8243;]<\/p>\n<h1 style=\"text-align: center\"><strong>O B V E S T I L O<\/strong><\/h1>\n<p style=\"text-align: center\"><strong>&nbsp;<\/strong><strong>Vrtec pri O\u0160 \u0160alovci enkrat letno izpelje redni vpis otrok za naslednje \u0161olsko leto. <\/strong><\/p>\n<p style=\"text-align: center\"><strong>REDNI VPIS OTROK V VRTEC<\/strong><\/p>\n<p style=\"text-align: center\"><strong>za \u0161olsko leto 2022\/23<\/strong><\/p>\n<p style=\"text-align: center\"><strong>bo potekal <\/strong><strong>zadnji teden v marcu <\/strong><\/p>\n<p style=\"text-align: center\"><strong>od ponedeljka, 28. 3.&nbsp; do petka, 1. 4. 2022.<\/strong><\/p>\n<p style=\"text-align: center\"><strong>V torek in \u010detrtek lahko vlogo oddate tudi osebno pri svetovalni delavki,<\/strong><\/p>\n<p style=\"text-align: center\"><strong>na sede\u017eu vrtca v O\u0160 \u0160alovci, od 7.00 \u2013 15.00 ure.<\/strong><\/p>\n<p style=\"text-align: center\"><strong>Prosimo, da vlogo oddate vsi zainteresirani star\u0161i!<\/strong><\/p>\n<p style=\"text-align: center\">V vrtec sprejemamo otroke od dopolnjenega 11. meseca starosti&nbsp;(oz. po zaklju\u010dku star\u0161evskega dopusta) do vstopa v \u0161olo.<\/p>\n<p style=\"text-align: center\">V primeru prostih mest pa vpisujemo in sprejemamo otroke skozi vse leto.<\/p>\n<p style=\"text-align: center\"><strong>Kako?<\/strong><\/p>\n<p style=\"text-align: center\">Star\u0161i izpolnijo <strong><a href=\"https:\/\/ossalovci.splet.arnes.si\/files\/2022\/03\/VLOGA-vrtec-2019.pdf\">Vlogo<\/a> za sprejem otroka v vrtec<\/strong>.<\/p>\n<p style=\"text-align: center\">Predpisan obrazec dobite v upravi vrtca, pri svetovalni delavki, na spletni strani vrtca. Izpolnjen obrazec star\u0161i oddate na sede\u017eu vrtca ali svetovalni delavki neposredno ali ga po\u0161ljejo z navadno po\u0161iljko na naslov vrtca, ali na \u0161olski e-naslov:<\/p>\n<p style=\"text-align: center\"><strong>o-salovci.ms@guest.arnes.si.<\/strong><\/p>\n<p><img loading=\"lazy\" decoding=\"async\" class=\"wp-image-13066 size-full aligncenter\" src=\"https:\/\/ossalovci.splet.arnes.si\/files\/2022\/03\/vrtec1.jpg\" alt=\"\" width=\"260\" height=\"194\"><\/p>\n<p style=\"text-align: center\">Dodatno pojasnilo:<\/p>\n<p style=\"text-align: center\">Star\u0161e prosimo za razumevanje, da zaradi prepre\u010ditve \u0161irjenja nalezljive bolezni vrtec v tem \u010dasu <strong>ne bo organiziral Dneve odprtih vrat vrtca.<\/strong> Vsem vpisanim otrokom in njihovim star\u0161em pa bomo obisk vrtca omogo\u010dili kasneje.<\/p>\n<p>[\/et_pb_text][\/et_pb_column][\/et_pb_row][\/et_pb_section]<\/p>\n","protected":false},"excerpt":{"rendered":"<p>[et_pb_section fb_built=&#8221;1&#8243; _builder_version=&#8221;4.14.7&#8243; _module_preset=&#8221;default&#8221; global_colors_info=&#8221;{}&#8221;][et_pb_row _builder_version=&#8221;4.14.7&#8243; _module_preset=&#8221;default&#8221; global_colors_info=&#8221;{}&#8221;][et_pb_column type=&#8221;4_4&#8243; _builder_version=&#8221;4.14.7&#8243; _module_preset=&#8221;default&#8221; global_colors_info=&#8221;{}&#8221;][et_pb_text _builder_version=&#8221;4.14.7&#8243; _module_preset=&#8221;default&#8221; hover_enabled=&#8221;0&#8243; global_colors_info=&#8221;{}&#8221; sticky_enabled=&#8221;0&#8243;] O B V E S T I L O &nbsp;Vrtec pri O\u0160 \u0160alovci [&hellip;]<\/p>\n","protected":false},"author":81642,"featured_media":0,"comment_status":"closed","ping_status":"open","sticky":false,"template":"","format":"standard","meta":{"ngg_post_thumbnail":0,"footnotes":""},"categories":[1],"tags":[],"class_list":["post-3942","post","type-post","status-publish","format-standard","hentry","category-novice"],"_links":{"self":[{"href":"https:\/\/vrtecsalovci.splet.arnes.si\/index.php?rest_route=\/wp\/v2\/posts\/3942","targetHints":{"allow":["GET"]}}],"collection":[{"href":"https:\/\/vrtecsalovci.splet.arnes.si\/index.php?rest_route=\/wp\/v2\/posts"}],"about":[{"href":"https:\/\/vrtecsalovci.splet.arnes.si\/index.php?rest_route=\/wp\/v2\/types\/post"}],"author":[{"embeddable":true,"href":"https:\/\/vrtecsalovci.splet.arnes.si\/index.php?rest_route=\/wp\/v2\/users\/81642"}],"replies":[{"embeddable":true,"href":"https:\/\/vrtecsalovci.splet.arnes.si\/index.php?rest_route=%2Fwp%2Fv2%2Fcomments&post=3942"}],"version-history":[{"count":3,"href":"https:\/\/vrtecsalovci.splet.arnes.si\/index.php?rest_route=\/wp\/v2\/posts\/3942\/revisions"}],"predecessor-version":[{"id":3945,"href":"https:\/\/vrtecsalovci.splet.arnes.si\/index.php?rest_route=\/wp\/v2\/posts\/3942\/revisions\/3945"}],"wp:attachment":[{"href":"https:\/\/vrtecsalovci.splet.arnes.si\/index.php?rest_route=%2Fwp%2Fv2%2Fmedia&parent=3942"}],"wp:term":[{"taxonomy":"category","embeddable":true,"href":"https:\/\/vrtecsalovci.splet.arnes.si\/index.php?rest_route=%2Fwp%2Fv2%2Fcategories&post=3942"},{"taxonomy":"post_tag","embeddable":true,"href":"https:\/\/vrtecsalovci.splet.arnes.si\/index.php?rest_route=%2Fwp%2Fv2%2Ftags&post=3942"}],"curies":[{"name":"wp","href":"https:\/\/api.w.org\/{rel}","templated":true}]}}