{"id":5480,"date":"2024-12-03T12:38:37","date_gmt":"2024-12-03T11:38:37","guid":{"rendered":"https:\/\/vrtecsalovci.splet.arnes.si\/?p=5480"},"modified":"2024-12-03T12:38:38","modified_gmt":"2024-12-03T11:38:38","slug":"jesenski-direndaj-pri-malckih","status":"publish","type":"post","link":"https:\/\/vrtecsalovci.splet.arnes.si\/?p=5480","title":{"rendered":"JESENSKI DIRENDAJ PRI MAL\u010cKIH"},"content":{"rendered":"\n<p>Za nami je \u010daroben jesenski \u010das, ki nas je obdaril z paleto barv. Toplo vreme nam je dalo veliko mo\u017enosti za gibanje v naravi in bli\u017enjem gozdu. Narava nas je v tem \u010dasu skrbno obdarila z jesenskimi plodovi, pridelki, o katerih smo se preko zanimivih dejavnosti pogovarjali in spoznavali z razli\u010dnimi \u010dutili. Veter nam je raztrosil kar nekaj jesenskih pesmic in deklamacij. Po koti\u010dkih smo ustvarjali, se igrali, peli, zabavali, raziskovali in \u0161e in \u0161e. Pod drobnimi prstki je nastalo tudi kar nekaj pisanih umetnin.<\/p>\n\n\n\n<p>V mesecu septembru nas je vlak dobrodo\u0161lice popeljal v novo vrt\u010devsko leto, polno razburljivih dogodiv\u0161\u010din in izzivov. Otroci so se vrnili z nasmehi na obrazih. Nekateri so prag vrtca prestopili prvi\u010d, drugi pa so v njem \u017ee doma. V tem mesecu smo se osredoto\u010dili na prilagajanje, medsebojno spoznavanje in vzpostavljanje ob\u010dutka varnosti ter zaupanja. V tem \u010dasu je praznoval tudi na\u0161 vrtec, in sicer 25. rojstni dan. Skupaj smo ga proslavili in se veselili ob lutkovni predstavi v izvedbi na\u0161ih vzgojiteljic. Ob posebnem mejniku je nastala tudi himna vrtca.<\/p>\n\n\n\n<p>Oktober se je za\u010del z tednom otroka, ki je vseboval razli\u010dne aktivnosti, preko katerih so otroci spodbujali ustvarjalnost, igro ter socialne ve\u0161\u010dine. Obiskali so nas tudi dedki in babice, s katerimi smo se odpravili na pravlji\u010dni sprehod. Bilo je zanimivo. Imeli smo tudi bralno urico s strani Pokrajinske in \u0161tudijske knji\u017enice Murska Sobota. \u010ceprav smo majhni, smo znali prisluhniti kratkim pravljicam.<\/p>\n\n\n\n<p>V mesecu novembru je otroke pri\u010dakal slovenski tradicionalni zajtrk, katerega so vzgojiteljice obogatile in osmislile \u0161e z razli\u010dnimi dejavnostmi. V tem mesecu smo izhajali iz zavedanja samega sebe. Na podlagi tega smo se spra\u0161evali, \u010demu slu\u017eijo posamezni deli telesa in skozi pogovor, ob knjigah in dejavnostih ugotavljali kaj vse lahko po\u010dnemo. Navsezadnje pa nas je presenetil sneg. Zrli smo skozi okno in opazovali belino vrtca. Vzgojiteljice so sneg prinesle kar v igralnico, katerega smo spoznavali z vsemi \u010dutili. Prav zanimivo je pa bilo oku\u0161anje. Nastal je majhen sne\u017eak, ki pa se je v na\u0161i topli igralnici kar hitro stopil.<\/p>\n\n\n\n<p>Mi pa \u017ee polni pri\u010dakovanj vstopamo v \u010darobni december, mesec pravljic, dobrih mo\u017e in toplih src.&nbsp;<\/p>\n\n\n\n<div class=\"wp-block-columns is-layout-flex wp-container-core-columns-is-layout-9d6595d7 wp-block-columns-is-layout-flex\">\n<div class=\"wp-block-column is-layout-flow wp-block-column-is-layout-flow\"><div class=\"wp-block-image\">\n<figure class=\"aligncenter size-large\"><a href=\"https:\/\/vrtecsalovci.splet.arnes.si\/files\/2024\/12\/SNEG.png\"><img loading=\"lazy\" decoding=\"async\" width=\"1024\" height=\"576\" src=\"https:\/\/vrtecsalovci.splet.arnes.si\/files\/2024\/12\/SNEG-1024x576.png\" alt=\"\" class=\"wp-image-5482\" srcset=\"https:\/\/vrtecsalovci.splet.arnes.si\/files\/2024\/12\/SNEG-1024x576.png 1024w, https:\/\/vrtecsalovci.splet.arnes.si\/files\/2024\/12\/SNEG-300x169.png 300w, https:\/\/vrtecsalovci.splet.arnes.si\/files\/2024\/12\/SNEG-768x432.png 768w, https:\/\/vrtecsalovci.splet.arnes.si\/files\/2024\/12\/SNEG-1536x864.png 1536w, https:\/\/vrtecsalovci.splet.arnes.si\/files\/2024\/12\/SNEG-947x533.png 947w, https:\/\/vrtecsalovci.splet.arnes.si\/files\/2024\/12\/SNEG-624x351.png 624w, https:\/\/vrtecsalovci.splet.arnes.si\/files\/2024\/12\/SNEG.png 1920w\" sizes=\"auto, (max-width: 1024px) 100vw, 1024px\" \/><\/a><\/figure>\n<\/div><\/div>\n\n\n\n<div class=\"wp-block-column is-layout-flow wp-block-column-is-layout-flow\"><div class=\"wp-block-image\">\n<figure class=\"aligncenter size-large is-resized\"><a href=\"https:\/\/vrtecsalovci.splet.arnes.si\/files\/2024\/12\/JAZ-SEM-TAK-IN-NIHCE-MI-NI-ENAK.png\"><img loading=\"lazy\" decoding=\"async\" width=\"1024\" height=\"819\" src=\"https:\/\/vrtecsalovci.splet.arnes.si\/files\/2024\/12\/JAZ-SEM-TAK-IN-NIHCE-MI-NI-ENAK-1024x819.png\" alt=\"\" class=\"wp-image-5481\" style=\"aspect-ratio:1.2503052503052503;width:286px;height:auto\" srcset=\"https:\/\/vrtecsalovci.splet.arnes.si\/files\/2024\/12\/JAZ-SEM-TAK-IN-NIHCE-MI-NI-ENAK-1024x819.png 1024w, https:\/\/vrtecsalovci.splet.arnes.si\/files\/2024\/12\/JAZ-SEM-TAK-IN-NIHCE-MI-NI-ENAK-300x240.png 300w, https:\/\/vrtecsalovci.splet.arnes.si\/files\/2024\/12\/JAZ-SEM-TAK-IN-NIHCE-MI-NI-ENAK-768x614.png 768w, https:\/\/vrtecsalovci.splet.arnes.si\/files\/2024\/12\/JAZ-SEM-TAK-IN-NIHCE-MI-NI-ENAK-1536x1229.png 1536w, https:\/\/vrtecsalovci.splet.arnes.si\/files\/2024\/12\/JAZ-SEM-TAK-IN-NIHCE-MI-NI-ENAK-947x758.png 947w, https:\/\/vrtecsalovci.splet.arnes.si\/files\/2024\/12\/JAZ-SEM-TAK-IN-NIHCE-MI-NI-ENAK-624x499.png 624w, https:\/\/vrtecsalovci.splet.arnes.si\/files\/2024\/12\/JAZ-SEM-TAK-IN-NIHCE-MI-NI-ENAK.png 2000w\" sizes=\"auto, (max-width: 1024px) 100vw, 1024px\" \/><\/a><\/figure>\n<\/div><\/div>\n<\/div>\n\n\n\n<div class=\"wp-block-columns is-layout-flex wp-container-core-columns-is-layout-9d6595d7 wp-block-columns-is-layout-flex\">\n<div class=\"wp-block-column is-layout-flow wp-block-column-is-layout-flow\"><div class=\"wp-block-image\">\n<figure class=\"aligncenter size-large\"><a href=\"https:\/\/vrtecsalovci.splet.arnes.si\/files\/2024\/12\/KO-HLADEN-VETER-VEJE-V-VSEH-BARVAH-ZAZARI-JESEN.png\"><img loading=\"lazy\" decoding=\"async\" width=\"1024\" height=\"576\" src=\"https:\/\/vrtecsalovci.splet.arnes.si\/files\/2024\/12\/KO-HLADEN-VETER-VEJE-V-VSEH-BARVAH-ZAZARI-JESEN-1024x576.png\" alt=\"\" class=\"wp-image-5483\" srcset=\"https:\/\/vrtecsalovci.splet.arnes.si\/files\/2024\/12\/KO-HLADEN-VETER-VEJE-V-VSEH-BARVAH-ZAZARI-JESEN-1024x576.png 1024w, https:\/\/vrtecsalovci.splet.arnes.si\/files\/2024\/12\/KO-HLADEN-VETER-VEJE-V-VSEH-BARVAH-ZAZARI-JESEN-300x169.png 300w, https:\/\/vrtecsalovci.splet.arnes.si\/files\/2024\/12\/KO-HLADEN-VETER-VEJE-V-VSEH-BARVAH-ZAZARI-JESEN-768x432.png 768w, https:\/\/vrtecsalovci.splet.arnes.si\/files\/2024\/12\/KO-HLADEN-VETER-VEJE-V-VSEH-BARVAH-ZAZARI-JESEN-1536x864.png 1536w, https:\/\/vrtecsalovci.splet.arnes.si\/files\/2024\/12\/KO-HLADEN-VETER-VEJE-V-VSEH-BARVAH-ZAZARI-JESEN-947x533.png 947w, https:\/\/vrtecsalovci.splet.arnes.si\/files\/2024\/12\/KO-HLADEN-VETER-VEJE-V-VSEH-BARVAH-ZAZARI-JESEN-624x351.png 624w, https:\/\/vrtecsalovci.splet.arnes.si\/files\/2024\/12\/KO-HLADEN-VETER-VEJE-V-VSEH-BARVAH-ZAZARI-JESEN.png 1920w\" sizes=\"auto, (max-width: 1024px) 100vw, 1024px\" \/><\/a><\/figure>\n<\/div><\/div>\n\n\n\n<div class=\"wp-block-column is-layout-flow wp-block-column-is-layout-flow\"><div class=\"wp-block-image\">\n<figure class=\"aligncenter size-large is-resized\"><a href=\"https:\/\/vrtecsalovci.splet.arnes.si\/files\/2024\/12\/MESEC-SEPTEMBER-Z-VETROM-ZAPLESE-IN-MALCKOM-LASKE-POCESE-MALO-NA-LEVO-MALO-NA-DESNO-DEKLICAM-V-COPKE-DECKOM-NA-PRECO.png\"><img loading=\"lazy\" decoding=\"async\" width=\"1024\" height=\"726\" src=\"https:\/\/vrtecsalovci.splet.arnes.si\/files\/2024\/12\/MESEC-SEPTEMBER-Z-VETROM-ZAPLESE-IN-MALCKOM-LASKE-POCESE-MALO-NA-LEVO-MALO-NA-DESNO-DEKLICAM-V-COPKE-DECKOM-NA-PRECO-1024x726.png\" alt=\"\" class=\"wp-image-5484\" style=\"aspect-ratio:1.4104683195592287;width:331px;height:auto\" srcset=\"https:\/\/vrtecsalovci.splet.arnes.si\/files\/2024\/12\/MESEC-SEPTEMBER-Z-VETROM-ZAPLESE-IN-MALCKOM-LASKE-POCESE-MALO-NA-LEVO-MALO-NA-DESNO-DEKLICAM-V-COPKE-DECKOM-NA-PRECO-1024x726.png 1024w, https:\/\/vrtecsalovci.splet.arnes.si\/files\/2024\/12\/MESEC-SEPTEMBER-Z-VETROM-ZAPLESE-IN-MALCKOM-LASKE-POCESE-MALO-NA-LEVO-MALO-NA-DESNO-DEKLICAM-V-COPKE-DECKOM-NA-PRECO-300x213.png 300w, https:\/\/vrtecsalovci.splet.arnes.si\/files\/2024\/12\/MESEC-SEPTEMBER-Z-VETROM-ZAPLESE-IN-MALCKOM-LASKE-POCESE-MALO-NA-LEVO-MALO-NA-DESNO-DEKLICAM-V-COPKE-DECKOM-NA-PRECO-768x545.png 768w, https:\/\/vrtecsalovci.splet.arnes.si\/files\/2024\/12\/MESEC-SEPTEMBER-Z-VETROM-ZAPLESE-IN-MALCKOM-LASKE-POCESE-MALO-NA-LEVO-MALO-NA-DESNO-DEKLICAM-V-COPKE-DECKOM-NA-PRECO-1536x1090.png 1536w, https:\/\/vrtecsalovci.splet.arnes.si\/files\/2024\/12\/MESEC-SEPTEMBER-Z-VETROM-ZAPLESE-IN-MALCKOM-LASKE-POCESE-MALO-NA-LEVO-MALO-NA-DESNO-DEKLICAM-V-COPKE-DECKOM-NA-PRECO-947x672.png 947w, https:\/\/vrtecsalovci.splet.arnes.si\/files\/2024\/12\/MESEC-SEPTEMBER-Z-VETROM-ZAPLESE-IN-MALCKOM-LASKE-POCESE-MALO-NA-LEVO-MALO-NA-DESNO-DEKLICAM-V-COPKE-DECKOM-NA-PRECO-624x443.png 624w, https:\/\/vrtecsalovci.splet.arnes.si\/files\/2024\/12\/MESEC-SEPTEMBER-Z-VETROM-ZAPLESE-IN-MALCKOM-LASKE-POCESE-MALO-NA-LEVO-MALO-NA-DESNO-DEKLICAM-V-COPKE-DECKOM-NA-PRECO.png 1748w\" sizes=\"auto, (max-width: 1024px) 100vw, 1024px\" \/><\/a><\/figure>\n<\/div><\/div>\n<\/div>\n","protected":false},"excerpt":{"rendered":"<p>Za nami je \u010daroben jesenski \u010das, ki nas je obdaril z paleto barv. Toplo vreme nam je dalo veliko mo\u017enosti za gibanje v naravi in bli\u017enjem gozdu. Narava nas je [&hellip;]<\/p>\n","protected":false},"author":81642,"featured_media":5483,"comment_status":"closed","ping_status":"closed","sticky":false,"template":"","format":"standard","meta":{"ngg_post_thumbnail":0,"footnotes":""},"categories":[1],"tags":[],"class_list":["post-5480","post","type-post","status-publish","format-standard","has-post-thumbnail","hentry","category-novice"],"_links":{"self":[{"href":"https:\/\/vrtecsalovci.splet.arnes.si\/index.php?rest_route=\/wp\/v2\/posts\/5480","targetHints":{"allow":["GET"]}}],"collection":[{"href":"https:\/\/vrtecsalovci.splet.arnes.si\/index.php?rest_route=\/wp\/v2\/posts"}],"about":[{"href":"https:\/\/vrtecsalovci.splet.arnes.si\/index.php?rest_route=\/wp\/v2\/types\/post"}],"author":[{"embeddable":true,"href":"https:\/\/vrtecsalovci.splet.arnes.si\/index.php?rest_route=\/wp\/v2\/users\/81642"}],"replies":[{"embeddable":true,"href":"https:\/\/vrtecsalovci.splet.arnes.si\/index.php?rest_route=%2Fwp%2Fv2%2Fcomments&post=5480"}],"version-history":[{"count":1,"href":"https:\/\/vrtecsalovci.splet.arnes.si\/index.php?rest_route=\/wp\/v2\/posts\/5480\/revisions"}],"predecessor-version":[{"id":5485,"href":"https:\/\/vrtecsalovci.splet.arnes.si\/index.php?rest_route=\/wp\/v2\/posts\/5480\/revisions\/5485"}],"wp:featuredmedia":[{"embeddable":true,"href":"https:\/\/vrtecsalovci.splet.arnes.si\/index.php?rest_route=\/wp\/v2\/media\/5483"}],"wp:attachment":[{"href":"https:\/\/vrtecsalovci.splet.arnes.si\/index.php?rest_route=%2Fwp%2Fv2%2Fmedia&parent=5480"}],"wp:term":[{"taxonomy":"category","embeddable":true,"href":"https:\/\/vrtecsalovci.splet.arnes.si\/index.php?rest_route=%2Fwp%2Fv2%2Fcategories&post=5480"},{"taxonomy":"post_tag","embeddable":true,"href":"https:\/\/vrtecsalovci.splet.arnes.si\/index.php?rest_route=%2Fwp%2Fv2%2Ftags&post=5480"}],"curies":[{"name":"wp","href":"https:\/\/api.w.org\/{rel}","templated":true}]}}