{"id":5486,"date":"2024-12-05T06:58:49","date_gmt":"2024-12-05T05:58:49","guid":{"rendered":"https:\/\/vrtecsalovci.splet.arnes.si\/?p=5486"},"modified":"2024-12-05T06:58:50","modified_gmt":"2024-12-05T05:58:50","slug":"vrtiljak-jesenskih-dogodivscin","status":"publish","type":"post","link":"https:\/\/vrtecsalovci.splet.arnes.si\/?p=5486","title":{"rendered":"VRTILJAK JESENSKIH DOGODIV\u0160\u010cIN"},"content":{"rendered":"\n<p><em>Z mesecem septembrom smo zakorakali v novo vrt\u010devsko leto , za nekatere je bilo to prvi\u010d, medtem ko so drugi otroci \u017ee doma\u010di v svoji igralnici. Otroci so imeli mo\u017enost sodelovati v ustvarjalnih jesenskih delavnicah, sprehodih v naravo ter v razli\u010dnih igrah, ki spodbujajo socialni razvoj, motoriko ter ustvarjalnost.<\/em><\/p>\n\n\n\n<p><em>V mesecu oktobru smo ugotavljali, kako di\u0161i jesen. V tednu otroka, nam je jesen di\u0161ala po pe\u010denih kostanjih, s katerimi so nas pogostili v vrtcu Domanj\u0161evci. Narava nam je v okolici vrtca podarila veliko jesenskih dobrot. Nabrali smo si hru\u0161ke, bile so res slastne. Prav tako smo si nabrali meto ter pripravili okusno limonado. Tudi nekaj okusnega grozdja na trti smo poskusili. Otroci so povedali, da jim jesen di\u0161i po listju.<\/em><\/p>\n\n\n\n<p><em>Narava si je res nadela pisane barve ter bogato obdarila s plodovi. Preko plakata, katerega so sami izdelali so spoznavali zna\u010dilnosti tega letnega \u010dasa. Nau\u010dili smo se kar nekaj deklamacij na temo jesen.<\/em><\/p>\n\n\n\n<p><em>Veliko \u010dasa smo namenili za pripravo na nastop ob okrogli obletnici \u0161olstva v \u0160alovcih. Otroci so se odli\u010dno izkazili in uspe\u0161no prestali Pionirski sprejem ter prikazali nekdanje otro\u0161ke plese.<\/em><\/p>\n\n\n\n<p><em>Presenetil nas je tudi prvi sneg, ki smo ga dodobra izkoristili ter si popestrili dan v vrtcu s snegom. Ob tem smo poslu\u0161ali zimske pesmice in se veselili sne\u017ene idile.<\/em><\/p>\n\n\n\n<p><em>Pred nami je leto, ko se veselimo vseh trenutkov \u2013 dogodiv\u0161\u010din, katere bomo skupaj do\u017eiveli ter spremenili v spomine. Sedaj pa je \u010das, da zakorakamo v prazni\u010dni december.<\/em><\/p>\n\n\n\n<div class=\"wp-block-columns is-layout-flex wp-container-core-columns-is-layout-9d6595d7 wp-block-columns-is-layout-flex\">\n<div class=\"wp-block-column is-layout-flow wp-block-column-is-layout-flow\">\n<figure class=\"wp-block-image size-large\"><a href=\"https:\/\/vrtecsalovci.splet.arnes.si\/files\/2024\/12\/6.jpg\"><img loading=\"lazy\" decoding=\"async\" width=\"1920\" height=\"1080\" src=\"https:\/\/vrtecsalovci.splet.arnes.si\/files\/2024\/12\/6-1024x576.jpg\" alt=\"\" class=\"wp-image-5487\" srcset=\"https:\/\/vrtecsalovci.splet.arnes.si\/files\/2024\/12\/6-1024x576.jpg 1024w, https:\/\/vrtecsalovci.splet.arnes.si\/files\/2024\/12\/6-300x169.jpg 300w, https:\/\/vrtecsalovci.splet.arnes.si\/files\/2024\/12\/6-768x432.jpg 768w, https:\/\/vrtecsalovci.splet.arnes.si\/files\/2024\/12\/6-1536x864.jpg 1536w, https:\/\/vrtecsalovci.splet.arnes.si\/files\/2024\/12\/6-947x533.jpg 947w, https:\/\/vrtecsalovci.splet.arnes.si\/files\/2024\/12\/6-624x351.jpg 624w, https:\/\/vrtecsalovci.splet.arnes.si\/files\/2024\/12\/6.jpg 1920w\" sizes=\"auto, (max-width: 1920px) 100vw, 1920px\" \/><\/a><\/figure>\n<\/div>\n\n\n\n<div class=\"wp-block-column is-layout-flow wp-block-column-is-layout-flow\">\n<figure class=\"wp-block-image size-large\"><a href=\"https:\/\/vrtecsalovci.splet.arnes.si\/files\/2024\/12\/7.jpg\"><img loading=\"lazy\" decoding=\"async\" width=\"1024\" height=\"576\" src=\"https:\/\/vrtecsalovci.splet.arnes.si\/files\/2024\/12\/7-1024x576.jpg\" alt=\"\" class=\"wp-image-5488\" srcset=\"https:\/\/vrtecsalovci.splet.arnes.si\/files\/2024\/12\/7-1024x576.jpg 1024w, https:\/\/vrtecsalovci.splet.arnes.si\/files\/2024\/12\/7-300x169.jpg 300w, https:\/\/vrtecsalovci.splet.arnes.si\/files\/2024\/12\/7-768x432.jpg 768w, https:\/\/vrtecsalovci.splet.arnes.si\/files\/2024\/12\/7-1536x864.jpg 1536w, https:\/\/vrtecsalovci.splet.arnes.si\/files\/2024\/12\/7-947x533.jpg 947w, https:\/\/vrtecsalovci.splet.arnes.si\/files\/2024\/12\/7-624x351.jpg 624w, https:\/\/vrtecsalovci.splet.arnes.si\/files\/2024\/12\/7.jpg 1920w\" sizes=\"auto, (max-width: 1024px) 100vw, 1024px\" \/><\/a><\/figure>\n<\/div>\n<\/div>\n\n\n\n<div class=\"wp-block-columns is-layout-flex wp-container-core-columns-is-layout-9d6595d7 wp-block-columns-is-layout-flex\">\n<div class=\"wp-block-column is-layout-flow wp-block-column-is-layout-flow\">\n<figure class=\"wp-block-image size-large\"><a href=\"https:\/\/vrtecsalovci.splet.arnes.si\/files\/2024\/12\/8.jpg\"><img loading=\"lazy\" decoding=\"async\" width=\"1024\" height=\"576\" src=\"https:\/\/vrtecsalovci.splet.arnes.si\/files\/2024\/12\/8-1024x576.jpg\" alt=\"\" class=\"wp-image-5489\" srcset=\"https:\/\/vrtecsalovci.splet.arnes.si\/files\/2024\/12\/8-1024x576.jpg 1024w, https:\/\/vrtecsalovci.splet.arnes.si\/files\/2024\/12\/8-300x169.jpg 300w, https:\/\/vrtecsalovci.splet.arnes.si\/files\/2024\/12\/8-768x432.jpg 768w, https:\/\/vrtecsalovci.splet.arnes.si\/files\/2024\/12\/8-1536x864.jpg 1536w, https:\/\/vrtecsalovci.splet.arnes.si\/files\/2024\/12\/8-947x533.jpg 947w, https:\/\/vrtecsalovci.splet.arnes.si\/files\/2024\/12\/8-624x351.jpg 624w, https:\/\/vrtecsalovci.splet.arnes.si\/files\/2024\/12\/8.jpg 1920w\" sizes=\"auto, (max-width: 1024px) 100vw, 1024px\" \/><\/a><\/figure>\n<\/div>\n\n\n\n<div class=\"wp-block-column is-layout-flow wp-block-column-is-layout-flow\">\n<figure class=\"wp-block-image size-large\"><a href=\"https:\/\/vrtecsalovci.splet.arnes.si\/files\/2024\/12\/5.jpg\"><img loading=\"lazy\" decoding=\"async\" width=\"1024\" height=\"576\" src=\"https:\/\/vrtecsalovci.splet.arnes.si\/files\/2024\/12\/5-1024x576.jpg\" alt=\"\" class=\"wp-image-5490\" srcset=\"https:\/\/vrtecsalovci.splet.arnes.si\/files\/2024\/12\/5-1024x576.jpg 1024w, https:\/\/vrtecsalovci.splet.arnes.si\/files\/2024\/12\/5-300x169.jpg 300w, https:\/\/vrtecsalovci.splet.arnes.si\/files\/2024\/12\/5-768x432.jpg 768w, https:\/\/vrtecsalovci.splet.arnes.si\/files\/2024\/12\/5-1536x864.jpg 1536w, https:\/\/vrtecsalovci.splet.arnes.si\/files\/2024\/12\/5-947x533.jpg 947w, https:\/\/vrtecsalovci.splet.arnes.si\/files\/2024\/12\/5-624x351.jpg 624w, https:\/\/vrtecsalovci.splet.arnes.si\/files\/2024\/12\/5.jpg 1920w\" sizes=\"auto, (max-width: 1024px) 100vw, 1024px\" \/><\/a><\/figure>\n<\/div>\n<\/div>\n\n\n<div class=\"wp-block-image\">\n<figure class=\"aligncenter size-large is-resized\"><a href=\"https:\/\/vrtecsalovci.splet.arnes.si\/files\/2024\/12\/9.jpg\"><img loading=\"lazy\" decoding=\"async\" width=\"1024\" height=\"576\" src=\"https:\/\/vrtecsalovci.splet.arnes.si\/files\/2024\/12\/9-1024x576.jpg\" alt=\"\" class=\"wp-image-5491\" style=\"aspect-ratio:1.7777777777777777;width:686px;height:auto\" srcset=\"https:\/\/vrtecsalovci.splet.arnes.si\/files\/2024\/12\/9-1024x576.jpg 1024w, https:\/\/vrtecsalovci.splet.arnes.si\/files\/2024\/12\/9-300x169.jpg 300w, https:\/\/vrtecsalovci.splet.arnes.si\/files\/2024\/12\/9-768x432.jpg 768w, https:\/\/vrtecsalovci.splet.arnes.si\/files\/2024\/12\/9-1536x864.jpg 1536w, https:\/\/vrtecsalovci.splet.arnes.si\/files\/2024\/12\/9-947x533.jpg 947w, https:\/\/vrtecsalovci.splet.arnes.si\/files\/2024\/12\/9-624x351.jpg 624w, https:\/\/vrtecsalovci.splet.arnes.si\/files\/2024\/12\/9.jpg 1920w\" sizes=\"auto, (max-width: 1024px) 100vw, 1024px\" \/><\/a><\/figure>\n<\/div>","protected":false},"excerpt":{"rendered":"<p>Z mesecem septembrom smo zakorakali v novo vrt\u010devsko leto , za nekatere je bilo to prvi\u010d, medtem ko so drugi otroci \u017ee doma\u010di v svoji igralnici. Otroci so imeli mo\u017enost [&hellip;]<\/p>\n","protected":false},"author":81642,"featured_media":5487,"comment_status":"closed","ping_status":"closed","sticky":false,"template":"","format":"standard","meta":{"ngg_post_thumbnail":0,"footnotes":""},"categories":[1],"tags":[],"class_list":["post-5486","post","type-post","status-publish","format-standard","has-post-thumbnail","hentry","category-novice"],"_links":{"self":[{"href":"https:\/\/vrtecsalovci.splet.arnes.si\/index.php?rest_route=\/wp\/v2\/posts\/5486","targetHints":{"allow":["GET"]}}],"collection":[{"href":"https:\/\/vrtecsalovci.splet.arnes.si\/index.php?rest_route=\/wp\/v2\/posts"}],"about":[{"href":"https:\/\/vrtecsalovci.splet.arnes.si\/index.php?rest_route=\/wp\/v2\/types\/post"}],"author":[{"embeddable":true,"href":"https:\/\/vrtecsalovci.splet.arnes.si\/index.php?rest_route=\/wp\/v2\/users\/81642"}],"replies":[{"embeddable":true,"href":"https:\/\/vrtecsalovci.splet.arnes.si\/index.php?rest_route=%2Fwp%2Fv2%2Fcomments&post=5486"}],"version-history":[{"count":1,"href":"https:\/\/vrtecsalovci.splet.arnes.si\/index.php?rest_route=\/wp\/v2\/posts\/5486\/revisions"}],"predecessor-version":[{"id":5492,"href":"https:\/\/vrtecsalovci.splet.arnes.si\/index.php?rest_route=\/wp\/v2\/posts\/5486\/revisions\/5492"}],"wp:featuredmedia":[{"embeddable":true,"href":"https:\/\/vrtecsalovci.splet.arnes.si\/index.php?rest_route=\/wp\/v2\/media\/5487"}],"wp:attachment":[{"href":"https:\/\/vrtecsalovci.splet.arnes.si\/index.php?rest_route=%2Fwp%2Fv2%2Fmedia&parent=5486"}],"wp:term":[{"taxonomy":"category","embeddable":true,"href":"https:\/\/vrtecsalovci.splet.arnes.si\/index.php?rest_route=%2Fwp%2Fv2%2Fcategories&post=5486"},{"taxonomy":"post_tag","embeddable":true,"href":"https:\/\/vrtecsalovci.splet.arnes.si\/index.php?rest_route=%2Fwp%2Fv2%2Ftags&post=5486"}],"curies":[{"name":"wp","href":"https:\/\/api.w.org\/{rel}","templated":true}]}}