{"id":5589,"date":"2025-06-09T10:33:28","date_gmt":"2025-06-09T08:33:28","guid":{"rendered":"https:\/\/vrtecsalovci.splet.arnes.si\/?p=5589"},"modified":"2025-06-09T12:08:15","modified_gmt":"2025-06-09T10:08:15","slug":"pomladna-igrivost-v-mlajsi-skupini","status":"publish","type":"post","link":"https:\/\/vrtecsalovci.splet.arnes.si\/?p=5589","title":{"rendered":"POMLADNA IGRIVOST V MLAJ\u0160I SKUPINI"},"content":{"rendered":"\n<blockquote class=\"wp-block-quote is-layout-flow wp-block-quote-is-layout-flow\">\n<p class=\"has-text-align-center\">Ti pomladno son\u010dece, ti si naredilo,<br>da je v meni sr\u010dece glasno posko\u010dilo.<br>Prav za vsako pti\u010dico bi okrog se klatil,<br>s \u010disto vsako ro\u017eico rad bi se pobratil.<br>Sijaj, sijaj, son\u010dece, siplji \u017earke zlate,<br>ro\u017eicam na glavice, meni na podplate. (Jo\u017ee Humer)<\/p>\n<\/blockquote>\n\n\n\n<p>Pomladni \u010das je v na\u0161a srca prinesel sve\u017eo igrivost in energijo. V mesecu marcu je bila osrednja&nbsp;tema pravljica Muca Copatarica.&nbsp;&nbsp;Z otroki smo vsakodnevno prisluhnili pravljici, si ogledovali slikanico, se pogovarjali o pospravljanju copat, se urili v sezuvanju in obuvanju copat, jih pospravljali na ozna\u010dena mesta v igralnici in garderobi vrtca ter se navajali na samostojnost.&nbsp; Po pravljici smo tudi poustvarjali. Izdelali smo mucino hi\u0161ko. Skozi razli\u010dno pripravljene dejavnosti, ki so se navezovale na temo so otroci aktivno sodelovali.&nbsp;Muca Copatarica pa vsak dan opazuje, kako otroci napredujejo pri pospravljanju copat, igra\u010d, kako si znajo obuti copate ali se vsaj trudijo. V mesecu aprilu smo pridno ustvarjali ro\u017eice, izdelali pravo posebno pomladno gospo obdano z pisanimi ro\u017eicami, ob pomladni glasbi zaplesali. V pogovoru smo spoznavali znanilce pomladi, kak\u0161ne so spremembe pri vremenu, pri obla\u010denju, zunaj iskali \u017eivali od metulj\u010dkov do mravljic. Prav tako se navajamo na pravilno hojo ob robu ceste z na\u0161o \u00bbbibo\u00ab. V tem mesecu nas &nbsp;je presenetil tudi velikono\u010dni zaj\u010dek z iskanjem pirhov. Meseca maja nas je vodila tema &nbsp;pesmice Moj rde\u010di avto. Otroci zelo radi opazujejo promet na cesti, v zraku, na vodi, na \u017eelezni\u0161ki progi, zato je nastala pobuda o prevoznih sredstvih. Nau\u010dili smo se pesmico Moj rde\u010di avto, ki jo z velikim ponavljanjem zelo radi gibalno uprizorimo. Postavimo ali posedemo se v kolono, dolo\u010dimo \u0161oferja in gremo na pot. Pot je vijugasta v levo in desno, kar nam pomaga usvajati polo\u017eaje \u2013 naravnost, levo, desno. Seznanili smo se tudi s prav posebnim prometom \u2013 potovanje po\u0161iljk po po\u0161ti (paketomat).<\/p>\n\n\n\n<p>Veliko \u010dasa pa pre\u017eivimo na prostem, kjer lahko izrazimo to sve\u017eo energijo, ki nam jo je prinesla pomlad. Veselo pa \u017ee raziskujemo nestrukturiran material in z izjemno razigranostjo pri\u010dakujemo PO\u010cITNICE&nbsp;J.&nbsp;<\/p>\n\n\n<div class=\"wp-block-image\">\n<figure class=\"aligncenter size-large\"><a href=\"https:\/\/vrtecsalovci.splet.arnes.si\/files\/2025\/06\/IGRAMO-SE-Z-NESTRUKTURIRANIM-MATERIALOM.png\"><img loading=\"lazy\" decoding=\"async\" width=\"1024\" height=\"726\" src=\"https:\/\/vrtecsalovci.splet.arnes.si\/files\/2025\/06\/IGRAMO-SE-Z-NESTRUKTURIRANIM-MATERIALOM-1024x726.png\" alt=\"\" class=\"wp-image-5590\" srcset=\"https:\/\/vrtecsalovci.splet.arnes.si\/files\/2025\/06\/IGRAMO-SE-Z-NESTRUKTURIRANIM-MATERIALOM-1024x726.png 1024w, https:\/\/vrtecsalovci.splet.arnes.si\/files\/2025\/06\/IGRAMO-SE-Z-NESTRUKTURIRANIM-MATERIALOM-300x213.png 300w, https:\/\/vrtecsalovci.splet.arnes.si\/files\/2025\/06\/IGRAMO-SE-Z-NESTRUKTURIRANIM-MATERIALOM-768x545.png 768w, https:\/\/vrtecsalovci.splet.arnes.si\/files\/2025\/06\/IGRAMO-SE-Z-NESTRUKTURIRANIM-MATERIALOM-1536x1090.png 1536w, https:\/\/vrtecsalovci.splet.arnes.si\/files\/2025\/06\/IGRAMO-SE-Z-NESTRUKTURIRANIM-MATERIALOM-947x672.png 947w, https:\/\/vrtecsalovci.splet.arnes.si\/files\/2025\/06\/IGRAMO-SE-Z-NESTRUKTURIRANIM-MATERIALOM-624x443.png 624w, https:\/\/vrtecsalovci.splet.arnes.si\/files\/2025\/06\/IGRAMO-SE-Z-NESTRUKTURIRANIM-MATERIALOM.png 1748w\" sizes=\"auto, (max-width: 1024px) 100vw, 1024px\" \/><\/a><\/figure>\n<\/div>\n\n<div class=\"wp-block-image\">\n<figure class=\"aligncenter size-large\"><a href=\"https:\/\/vrtecsalovci.splet.arnes.si\/files\/2025\/06\/Moj-rdeci-avto.jpg\"><img loading=\"lazy\" decoding=\"async\" width=\"1024\" height=\"576\" src=\"https:\/\/vrtecsalovci.splet.arnes.si\/files\/2025\/06\/Moj-rdeci-avto-1024x576.jpg\" alt=\"\" class=\"wp-image-5591\" srcset=\"https:\/\/vrtecsalovci.splet.arnes.si\/files\/2025\/06\/Moj-rdeci-avto-1024x576.jpg 1024w, https:\/\/vrtecsalovci.splet.arnes.si\/files\/2025\/06\/Moj-rdeci-avto-300x169.jpg 300w, https:\/\/vrtecsalovci.splet.arnes.si\/files\/2025\/06\/Moj-rdeci-avto-768x432.jpg 768w, https:\/\/vrtecsalovci.splet.arnes.si\/files\/2025\/06\/Moj-rdeci-avto-1536x864.jpg 1536w, https:\/\/vrtecsalovci.splet.arnes.si\/files\/2025\/06\/Moj-rdeci-avto-947x533.jpg 947w, https:\/\/vrtecsalovci.splet.arnes.si\/files\/2025\/06\/Moj-rdeci-avto-624x351.jpg 624w, https:\/\/vrtecsalovci.splet.arnes.si\/files\/2025\/06\/Moj-rdeci-avto.jpg 1920w\" sizes=\"auto, (max-width: 1024px) 100vw, 1024px\" \/><\/a><\/figure>\n<\/div>\n\n<div class=\"wp-block-image\">\n<figure class=\"aligncenter size-large\"><a href=\"https:\/\/vrtecsalovci.splet.arnes.si\/files\/2025\/06\/Metuljcek-cekincek-ti-potepincek.png\"><img loading=\"lazy\" decoding=\"async\" width=\"1024\" height=\"1024\" src=\"https:\/\/vrtecsalovci.splet.arnes.si\/files\/2025\/06\/Metuljcek-cekincek-ti-potepincek-1024x1024.png\" alt=\"\" class=\"wp-image-5592\" srcset=\"https:\/\/vrtecsalovci.splet.arnes.si\/files\/2025\/06\/Metuljcek-cekincek-ti-potepincek-1024x1024.png 1024w, https:\/\/vrtecsalovci.splet.arnes.si\/files\/2025\/06\/Metuljcek-cekincek-ti-potepincek-300x300.png 300w, https:\/\/vrtecsalovci.splet.arnes.si\/files\/2025\/06\/Metuljcek-cekincek-ti-potepincek-150x150.png 150w, https:\/\/vrtecsalovci.splet.arnes.si\/files\/2025\/06\/Metuljcek-cekincek-ti-potepincek-768x768.png 768w, https:\/\/vrtecsalovci.splet.arnes.si\/files\/2025\/06\/Metuljcek-cekincek-ti-potepincek-947x947.png 947w, https:\/\/vrtecsalovci.splet.arnes.si\/files\/2025\/06\/Metuljcek-cekincek-ti-potepincek-624x624.png 624w, https:\/\/vrtecsalovci.splet.arnes.si\/files\/2025\/06\/Metuljcek-cekincek-ti-potepincek.png 1080w\" sizes=\"auto, (max-width: 1024px) 100vw, 1024px\" \/><\/a><\/figure>\n<\/div>\n\n<div class=\"wp-block-image\">\n<figure class=\"aligncenter size-full\"><a href=\"https:\/\/vrtecsalovci.splet.arnes.si\/files\/2025\/06\/mUCA-COPATARICA.png\"><img loading=\"lazy\" decoding=\"async\" width=\"940\" height=\"788\" src=\"https:\/\/vrtecsalovci.splet.arnes.si\/files\/2025\/06\/mUCA-COPATARICA.png\" alt=\"\" class=\"wp-image-5593\" srcset=\"https:\/\/vrtecsalovci.splet.arnes.si\/files\/2025\/06\/mUCA-COPATARICA.png 940w, https:\/\/vrtecsalovci.splet.arnes.si\/files\/2025\/06\/mUCA-COPATARICA-300x251.png 300w, https:\/\/vrtecsalovci.splet.arnes.si\/files\/2025\/06\/mUCA-COPATARICA-768x644.png 768w, https:\/\/vrtecsalovci.splet.arnes.si\/files\/2025\/06\/mUCA-COPATARICA-624x523.png 624w\" sizes=\"auto, (max-width: 940px) 100vw, 940px\" \/><\/a><\/figure>\n<\/div>","protected":false},"excerpt":{"rendered":"<p>Ti pomladno son\u010dece, ti si naredilo,da je v meni sr\u010dece glasno posko\u010dilo.Prav za vsako pti\u010dico bi okrog se klatil,s \u010disto vsako ro\u017eico rad bi se pobratil.Sijaj, sijaj, son\u010dece, siplji \u017earke [&hellip;]<\/p>\n","protected":false},"author":81642,"featured_media":5592,"comment_status":"closed","ping_status":"open","sticky":false,"template":"","format":"standard","meta":{"ngg_post_thumbnail":0,"footnotes":""},"categories":[1],"tags":[],"class_list":["post-5589","post","type-post","status-publish","format-standard","has-post-thumbnail","hentry","category-novice"],"_links":{"self":[{"href":"https:\/\/vrtecsalovci.splet.arnes.si\/index.php?rest_route=\/wp\/v2\/posts\/5589","targetHints":{"allow":["GET"]}}],"collection":[{"href":"https:\/\/vrtecsalovci.splet.arnes.si\/index.php?rest_route=\/wp\/v2\/posts"}],"about":[{"href":"https:\/\/vrtecsalovci.splet.arnes.si\/index.php?rest_route=\/wp\/v2\/types\/post"}],"author":[{"embeddable":true,"href":"https:\/\/vrtecsalovci.splet.arnes.si\/index.php?rest_route=\/wp\/v2\/users\/81642"}],"replies":[{"embeddable":true,"href":"https:\/\/vrtecsalovci.splet.arnes.si\/index.php?rest_route=%2Fwp%2Fv2%2Fcomments&post=5589"}],"version-history":[{"count":4,"href":"https:\/\/vrtecsalovci.splet.arnes.si\/index.php?rest_route=\/wp\/v2\/posts\/5589\/revisions"}],"predecessor-version":[{"id":5597,"href":"https:\/\/vrtecsalovci.splet.arnes.si\/index.php?rest_route=\/wp\/v2\/posts\/5589\/revisions\/5597"}],"wp:featuredmedia":[{"embeddable":true,"href":"https:\/\/vrtecsalovci.splet.arnes.si\/index.php?rest_route=\/wp\/v2\/media\/5592"}],"wp:attachment":[{"href":"https:\/\/vrtecsalovci.splet.arnes.si\/index.php?rest_route=%2Fwp%2Fv2%2Fmedia&parent=5589"}],"wp:term":[{"taxonomy":"category","embeddable":true,"href":"https:\/\/vrtecsalovci.splet.arnes.si\/index.php?rest_route=%2Fwp%2Fv2%2Fcategories&post=5589"},{"taxonomy":"post_tag","embeddable":true,"href":"https:\/\/vrtecsalovci.splet.arnes.si\/index.php?rest_route=%2Fwp%2Fv2%2Ftags&post=5589"}],"curies":[{"name":"wp","href":"https:\/\/api.w.org\/{rel}","templated":true}]}}