{"id":5683,"date":"2025-10-17T10:03:15","date_gmt":"2025-10-17T08:03:15","guid":{"rendered":"https:\/\/vrtecsalovci.splet.arnes.si\/?p=5683"},"modified":"2025-10-17T10:03:16","modified_gmt":"2025-10-17T08:03:16","slug":"kostanjev-piknik-2","status":"publish","type":"post","link":"https:\/\/vrtecsalovci.splet.arnes.si\/?p=5683","title":{"rendered":"KOSTANJEV PIKNIK"},"content":{"rendered":"\n<p>Teden otroka smo zaklju\u010dili z jesenskim dru\u017eenjem \u2013 kostanjevim piknikom, kjer so se otroci, star\u0161i in vzgojitelji zbrali ob pe\u010denih kostanjih.<\/p>\n\n\n\n<p>Dopoldne smo se z otroki podali v gozd, kjer so nabrali kostanje, popoldne pa smo jih skupaj spekli in u\u017eivali v spro\u0161\u010denem popoldnevu.<\/p>\n\n\n\n<p>Letos nas je spremljal lep slogan:<\/p>\n\n\n\n<p>&#8220;Prijaznost ti bo krila dala, vedno reci prosim in hvala.&#8221;<\/p>\n\n\n\n<p>Skupaj smo ustvarili tople trenutke, polne prijaznosti, nasmehov in jesenskega veselja. Hvala vsem, ki ste bili z nami!&nbsp;<\/p>\n\n\n<div class=\"wp-block-image\">\n<figure class=\"aligncenter size-large is-resized\"><a href=\"https:\/\/vrtecsalovci.splet.arnes.si\/files\/2025\/10\/20251017_094657-scaled.jpg\"><img loading=\"lazy\" decoding=\"async\" width=\"576\" height=\"1024\" src=\"https:\/\/vrtecsalovci.splet.arnes.si\/files\/2025\/10\/20251017_094657-576x1024.jpg\" alt=\"\" class=\"wp-image-5684\" style=\"width:654px;height:auto\" srcset=\"https:\/\/vrtecsalovci.splet.arnes.si\/files\/2025\/10\/20251017_094657-576x1024.jpg 576w, https:\/\/vrtecsalovci.splet.arnes.si\/files\/2025\/10\/20251017_094657-169x300.jpg 169w, https:\/\/vrtecsalovci.splet.arnes.si\/files\/2025\/10\/20251017_094657-768x1365.jpg 768w, https:\/\/vrtecsalovci.splet.arnes.si\/files\/2025\/10\/20251017_094657-864x1536.jpg 864w, https:\/\/vrtecsalovci.splet.arnes.si\/files\/2025\/10\/20251017_094657-1152x2048.jpg 1152w, https:\/\/vrtecsalovci.splet.arnes.si\/files\/2025\/10\/20251017_094657-947x1684.jpg 947w, https:\/\/vrtecsalovci.splet.arnes.si\/files\/2025\/10\/20251017_094657-624x1109.jpg 624w, https:\/\/vrtecsalovci.splet.arnes.si\/files\/2025\/10\/20251017_094657-scaled.jpg 1440w\" sizes=\"auto, (max-width: 576px) 100vw, 576px\" \/><\/a><\/figure>\n<\/div>","protected":false},"excerpt":{"rendered":"<p>Teden otroka smo zaklju\u010dili z jesenskim dru\u017eenjem \u2013 kostanjevim piknikom, kjer so se otroci, star\u0161i in vzgojitelji zbrali ob pe\u010denih kostanjih. Dopoldne smo se z otroki podali v gozd, kjer [&hellip;]<\/p>\n","protected":false},"author":81642,"featured_media":5684,"comment_status":"closed","ping_status":"open","sticky":false,"template":"","format":"standard","meta":{"ngg_post_thumbnail":0,"footnotes":""},"categories":[1],"tags":[],"class_list":["post-5683","post","type-post","status-publish","format-standard","has-post-thumbnail","hentry","category-novice"],"_links":{"self":[{"href":"https:\/\/vrtecsalovci.splet.arnes.si\/index.php?rest_route=\/wp\/v2\/posts\/5683","targetHints":{"allow":["GET"]}}],"collection":[{"href":"https:\/\/vrtecsalovci.splet.arnes.si\/index.php?rest_route=\/wp\/v2\/posts"}],"about":[{"href":"https:\/\/vrtecsalovci.splet.arnes.si\/index.php?rest_route=\/wp\/v2\/types\/post"}],"author":[{"embeddable":true,"href":"https:\/\/vrtecsalovci.splet.arnes.si\/index.php?rest_route=\/wp\/v2\/users\/81642"}],"replies":[{"embeddable":true,"href":"https:\/\/vrtecsalovci.splet.arnes.si\/index.php?rest_route=%2Fwp%2Fv2%2Fcomments&post=5683"}],"version-history":[{"count":1,"href":"https:\/\/vrtecsalovci.splet.arnes.si\/index.php?rest_route=\/wp\/v2\/posts\/5683\/revisions"}],"predecessor-version":[{"id":5685,"href":"https:\/\/vrtecsalovci.splet.arnes.si\/index.php?rest_route=\/wp\/v2\/posts\/5683\/revisions\/5685"}],"wp:featuredmedia":[{"embeddable":true,"href":"https:\/\/vrtecsalovci.splet.arnes.si\/index.php?rest_route=\/wp\/v2\/media\/5684"}],"wp:attachment":[{"href":"https:\/\/vrtecsalovci.splet.arnes.si\/index.php?rest_route=%2Fwp%2Fv2%2Fmedia&parent=5683"}],"wp:term":[{"taxonomy":"category","embeddable":true,"href":"https:\/\/vrtecsalovci.splet.arnes.si\/index.php?rest_route=%2Fwp%2Fv2%2Fcategories&post=5683"},{"taxonomy":"post_tag","embeddable":true,"href":"https:\/\/vrtecsalovci.splet.arnes.si\/index.php?rest_route=%2Fwp%2Fv2%2Ftags&post=5683"}],"curies":[{"name":"wp","href":"https:\/\/api.w.org\/{rel}","templated":true}]}}