{"id":5721,"date":"2025-11-28T14:19:50","date_gmt":"2025-11-28T13:19:50","guid":{"rendered":"https:\/\/vrtecsalovci.splet.arnes.si\/?p=5721"},"modified":"2025-11-28T14:19:51","modified_gmt":"2025-11-28T13:19:51","slug":"tradicionalni-slovenski-zajtrk-v-vrtcu","status":"publish","type":"post","link":"https:\/\/vrtecsalovci.splet.arnes.si\/?p=5721","title":{"rendered":"Tradicionalni slovenski zajtrk v vrtcu"},"content":{"rendered":"\n<p>V vrtcu pri O\u0160 \u0160alovci smo 21. novembra 2025 obele\u017eili Tradicionalni slovenski zajtrk, s katerim vsako leto poudarjamo pomen doma\u010de, kakovostne in lokalno pridelane hrane ter zdrave prehrane. Otroci so si pripravili okusen zajtrk iz masla, medu, kruha, jabolka in toplega \u010daja, ob tem pa spoznavali, od kod prihaja hrana in zakaj je pomembno podpirati lokalne pridelovalce.<\/p>\n\n\n\n<p>Dogodek so s svojim obiskom po\u010dastili \u017eupan Ob\u010dine \u0160alovci Iztok Fartek, direktor ob\u010dinske uprave Toma\u017e Gregorec in ravnateljica O\u0160 \u0160alovci Jo\u017eica Tratar.<\/p>\n\n\n\n<p>Z izbiro kakovostnih lokalnih \u017eivil ne skrbimo le za zdravje na\u0161ih otrok, temve\u010d tudi za ohranjanje tradicije, spodbujanje doma\u010de pridelave in krepitev \u017eivahne pode\u017eelske skupnosti, katere pomemben del smo tudi sami.<\/p>\n\n\n<div class=\"wp-block-image\">\n<figure class=\"aligncenter size-large\"><a href=\"https:\/\/vrtecsalovci.splet.arnes.si\/files\/2025\/11\/20251127_231719-1-scaled.jpg\"><img loading=\"lazy\" decoding=\"async\" width=\"576\" height=\"1024\" src=\"https:\/\/vrtecsalovci.splet.arnes.si\/files\/2025\/11\/20251127_231719-1-576x1024.jpg\" alt=\"\" class=\"wp-image-5722\" srcset=\"https:\/\/vrtecsalovci.splet.arnes.si\/files\/2025\/11\/20251127_231719-1-576x1024.jpg 576w, https:\/\/vrtecsalovci.splet.arnes.si\/files\/2025\/11\/20251127_231719-1-169x300.jpg 169w, https:\/\/vrtecsalovci.splet.arnes.si\/files\/2025\/11\/20251127_231719-1-768x1365.jpg 768w, https:\/\/vrtecsalovci.splet.arnes.si\/files\/2025\/11\/20251127_231719-1-864x1536.jpg 864w, https:\/\/vrtecsalovci.splet.arnes.si\/files\/2025\/11\/20251127_231719-1-1152x2048.jpg 1152w, https:\/\/vrtecsalovci.splet.arnes.si\/files\/2025\/11\/20251127_231719-1-947x1684.jpg 947w, https:\/\/vrtecsalovci.splet.arnes.si\/files\/2025\/11\/20251127_231719-1-624x1109.jpg 624w, https:\/\/vrtecsalovci.splet.arnes.si\/files\/2025\/11\/20251127_231719-1-scaled.jpg 1440w\" sizes=\"auto, (max-width: 576px) 100vw, 576px\" \/><\/a><\/figure>\n<\/div>","protected":false},"excerpt":{"rendered":"<p>V vrtcu pri O\u0160 \u0160alovci smo 21. novembra 2025 obele\u017eili Tradicionalni slovenski zajtrk, s katerim vsako leto poudarjamo pomen doma\u010de, kakovostne in lokalno pridelane hrane ter zdrave prehrane. Otroci so [&hellip;]<\/p>\n","protected":false},"author":81642,"featured_media":5722,"comment_status":"closed","ping_status":"open","sticky":false,"template":"","format":"standard","meta":{"ngg_post_thumbnail":0,"footnotes":""},"categories":[1],"tags":[],"class_list":["post-5721","post","type-post","status-publish","format-standard","has-post-thumbnail","hentry","category-novice"],"_links":{"self":[{"href":"https:\/\/vrtecsalovci.splet.arnes.si\/index.php?rest_route=\/wp\/v2\/posts\/5721","targetHints":{"allow":["GET"]}}],"collection":[{"href":"https:\/\/vrtecsalovci.splet.arnes.si\/index.php?rest_route=\/wp\/v2\/posts"}],"about":[{"href":"https:\/\/vrtecsalovci.splet.arnes.si\/index.php?rest_route=\/wp\/v2\/types\/post"}],"author":[{"embeddable":true,"href":"https:\/\/vrtecsalovci.splet.arnes.si\/index.php?rest_route=\/wp\/v2\/users\/81642"}],"replies":[{"embeddable":true,"href":"https:\/\/vrtecsalovci.splet.arnes.si\/index.php?rest_route=%2Fwp%2Fv2%2Fcomments&post=5721"}],"version-history":[{"count":1,"href":"https:\/\/vrtecsalovci.splet.arnes.si\/index.php?rest_route=\/wp\/v2\/posts\/5721\/revisions"}],"predecessor-version":[{"id":5723,"href":"https:\/\/vrtecsalovci.splet.arnes.si\/index.php?rest_route=\/wp\/v2\/posts\/5721\/revisions\/5723"}],"wp:featuredmedia":[{"embeddable":true,"href":"https:\/\/vrtecsalovci.splet.arnes.si\/index.php?rest_route=\/wp\/v2\/media\/5722"}],"wp:attachment":[{"href":"https:\/\/vrtecsalovci.splet.arnes.si\/index.php?rest_route=%2Fwp%2Fv2%2Fmedia&parent=5721"}],"wp:term":[{"taxonomy":"category","embeddable":true,"href":"https:\/\/vrtecsalovci.splet.arnes.si\/index.php?rest_route=%2Fwp%2Fv2%2Fcategories&post=5721"},{"taxonomy":"post_tag","embeddable":true,"href":"https:\/\/vrtecsalovci.splet.arnes.si\/index.php?rest_route=%2Fwp%2Fv2%2Ftags&post=5721"}],"curies":[{"name":"wp","href":"https:\/\/api.w.org\/{rel}","templated":true}]}}