{"id":5724,"date":"2025-11-28T14:22:41","date_gmt":"2025-11-28T13:22:41","guid":{"rendered":"https:\/\/vrtecsalovci.splet.arnes.si\/?p=5724"},"modified":"2025-11-28T14:22:41","modified_gmt":"2025-11-28T13:22:41","slug":"bozicno-novoletna-delavnica-s-starsi","status":"publish","type":"post","link":"https:\/\/vrtecsalovci.splet.arnes.si\/?p=5724","title":{"rendered":"BO\u017dI\u010cNO NOVOLETNA DELAVNICA S STAR\u0160I"},"content":{"rendered":"\n<p>V \u010detrtek, 27. 11. 2025, smo v vrtcu izvedli bo\u017ei\u010dno-novoletno delavnico s star\u0161i. Skupaj so lahko izbirali med tremi ustvarjalnimi delavnicami. V prvi delavnici so izdelovali bo\u017ei\u010dni vlakec iz zabojnikov, v drugi so iz lesenih krogov ustvarjali okraske za smre\u010dico, v tretji pa bo\u017ei\u010dne lesene okraske. Star\u0161i so lahko vzeli tudi prazni\u010dne vo\u0161\u010dilnice, za prejete prostovoljne prispevke pa se jim iskreno zahvaljujemo.<br>Prazni\u010dno vzdu\u0161je je bilo prijetno, ustvarjalno in polno veselja, kar je \u0161e dodatno obogatilo na\u0161e skupno dru\u017eenje.\u00a0\u00a0<\/p>\n\n\n<div class=\"wp-block-image\">\n<figure class=\"aligncenter size-large\"><a href=\"https:\/\/vrtecsalovci.splet.arnes.si\/files\/2025\/11\/20251128_134020-scaled.jpg\"><img loading=\"lazy\" decoding=\"async\" width=\"576\" height=\"1024\" src=\"https:\/\/vrtecsalovci.splet.arnes.si\/files\/2025\/11\/20251128_134020-576x1024.jpg\" alt=\"\" class=\"wp-image-5725\" srcset=\"https:\/\/vrtecsalovci.splet.arnes.si\/files\/2025\/11\/20251128_134020-576x1024.jpg 576w, https:\/\/vrtecsalovci.splet.arnes.si\/files\/2025\/11\/20251128_134020-169x300.jpg 169w, https:\/\/vrtecsalovci.splet.arnes.si\/files\/2025\/11\/20251128_134020-768x1365.jpg 768w, https:\/\/vrtecsalovci.splet.arnes.si\/files\/2025\/11\/20251128_134020-864x1536.jpg 864w, https:\/\/vrtecsalovci.splet.arnes.si\/files\/2025\/11\/20251128_134020-1152x2048.jpg 1152w, https:\/\/vrtecsalovci.splet.arnes.si\/files\/2025\/11\/20251128_134020-947x1684.jpg 947w, https:\/\/vrtecsalovci.splet.arnes.si\/files\/2025\/11\/20251128_134020-624x1109.jpg 624w, https:\/\/vrtecsalovci.splet.arnes.si\/files\/2025\/11\/20251128_134020-scaled.jpg 1440w\" sizes=\"auto, (max-width: 576px) 100vw, 576px\" \/><\/a><\/figure>\n<\/div>","protected":false},"excerpt":{"rendered":"<p>V \u010detrtek, 27. 11. 2025, smo v vrtcu izvedli bo\u017ei\u010dno-novoletno delavnico s star\u0161i. Skupaj so lahko izbirali med tremi ustvarjalnimi delavnicami. V prvi delavnici so izdelovali bo\u017ei\u010dni vlakec iz zabojnikov, [&hellip;]<\/p>\n","protected":false},"author":81642,"featured_media":5725,"comment_status":"closed","ping_status":"open","sticky":false,"template":"","format":"standard","meta":{"ngg_post_thumbnail":0,"footnotes":""},"categories":[1],"tags":[],"class_list":["post-5724","post","type-post","status-publish","format-standard","has-post-thumbnail","hentry","category-novice"],"_links":{"self":[{"href":"https:\/\/vrtecsalovci.splet.arnes.si\/index.php?rest_route=\/wp\/v2\/posts\/5724","targetHints":{"allow":["GET"]}}],"collection":[{"href":"https:\/\/vrtecsalovci.splet.arnes.si\/index.php?rest_route=\/wp\/v2\/posts"}],"about":[{"href":"https:\/\/vrtecsalovci.splet.arnes.si\/index.php?rest_route=\/wp\/v2\/types\/post"}],"author":[{"embeddable":true,"href":"https:\/\/vrtecsalovci.splet.arnes.si\/index.php?rest_route=\/wp\/v2\/users\/81642"}],"replies":[{"embeddable":true,"href":"https:\/\/vrtecsalovci.splet.arnes.si\/index.php?rest_route=%2Fwp%2Fv2%2Fcomments&post=5724"}],"version-history":[{"count":1,"href":"https:\/\/vrtecsalovci.splet.arnes.si\/index.php?rest_route=\/wp\/v2\/posts\/5724\/revisions"}],"predecessor-version":[{"id":5726,"href":"https:\/\/vrtecsalovci.splet.arnes.si\/index.php?rest_route=\/wp\/v2\/posts\/5724\/revisions\/5726"}],"wp:featuredmedia":[{"embeddable":true,"href":"https:\/\/vrtecsalovci.splet.arnes.si\/index.php?rest_route=\/wp\/v2\/media\/5725"}],"wp:attachment":[{"href":"https:\/\/vrtecsalovci.splet.arnes.si\/index.php?rest_route=%2Fwp%2Fv2%2Fmedia&parent=5724"}],"wp:term":[{"taxonomy":"category","embeddable":true,"href":"https:\/\/vrtecsalovci.splet.arnes.si\/index.php?rest_route=%2Fwp%2Fv2%2Fcategories&post=5724"},{"taxonomy":"post_tag","embeddable":true,"href":"https:\/\/vrtecsalovci.splet.arnes.si\/index.php?rest_route=%2Fwp%2Fv2%2Ftags&post=5724"}],"curies":[{"name":"wp","href":"https:\/\/api.w.org\/{rel}","templated":true}]}}