{"id":5734,"date":"2025-12-09T07:17:32","date_gmt":"2025-12-09T06:17:32","guid":{"rendered":"https:\/\/vrtecsalovci.splet.arnes.si\/?p=5734"},"modified":"2025-12-09T07:17:32","modified_gmt":"2025-12-09T06:17:32","slug":"obisk-miklavza-3","status":"publish","type":"post","link":"https:\/\/vrtecsalovci.splet.arnes.si\/?p=5734","title":{"rendered":"Obisk Miklav\u017ea"},"content":{"rendered":"\n<p>V vrtcu smo 5. 12. 2025 imeli poseben dan, saj nas je obiskal Miklav\u017e. Medtem ko smo ga nestrpno \u010dakali, smo pridno pospravili \u010devlje v garderobi. Prav tako smo pogosto pogledovali skozi okno, da bi videli, ali se morda \u017ee pribli\u017euje. Nekateri otroci so trdili, da so skozi okno opazili njegovo obleko ali ble\u0161\u010de\u010do palico, drugi da so videli parklja, zato je bilo v igralnici \u0161e ve\u010d vznemirjenja. Ko je potrkal na okno, smo vsi obstali kot za\u010darani. Nekateri otroci so se prestra\u0161eno stisnili drug k drugemu, drugi pa so se nasmehnili od navdu\u0161enja. V igralnici je zavladala popolna ti\u0161ina, nato pa smo vsi naenkrat vzkliknili od veselja. Skozi okno smo mu zapeli pesmico in obljubili da bomo pridni. Nato smo se odpravili v garderobo. Tam nas je presenetilo nekaj posebnega \u2014 v \u010devljih nas je \u010dakalo majhno darilo, lepo zavito in pripravljeno za vsakega otroka. Vsi smo bili radovedni, kaj se skriva v njem, in z nasmehom smo ga vzeli v roke. Darilce je bilo prijeten zaklju\u010dek prazni\u010dnega dne.<\/p>\n\n\n<div class=\"wp-block-image\">\n<figure class=\"aligncenter size-large\"><a href=\"https:\/\/vrtecsalovci.splet.arnes.si\/files\/2025\/12\/1000042835-scaled.jpg\"><img loading=\"lazy\" decoding=\"async\" width=\"576\" height=\"1024\" src=\"https:\/\/vrtecsalovci.splet.arnes.si\/files\/2025\/12\/1000042835-576x1024.jpg\" alt=\"\" class=\"wp-image-5735\" srcset=\"https:\/\/vrtecsalovci.splet.arnes.si\/files\/2025\/12\/1000042835-576x1024.jpg 576w, https:\/\/vrtecsalovci.splet.arnes.si\/files\/2025\/12\/1000042835-169x300.jpg 169w, https:\/\/vrtecsalovci.splet.arnes.si\/files\/2025\/12\/1000042835-768x1365.jpg 768w, https:\/\/vrtecsalovci.splet.arnes.si\/files\/2025\/12\/1000042835-864x1536.jpg 864w, https:\/\/vrtecsalovci.splet.arnes.si\/files\/2025\/12\/1000042835-1152x2048.jpg 1152w, https:\/\/vrtecsalovci.splet.arnes.si\/files\/2025\/12\/1000042835-947x1684.jpg 947w, https:\/\/vrtecsalovci.splet.arnes.si\/files\/2025\/12\/1000042835-624x1109.jpg 624w, https:\/\/vrtecsalovci.splet.arnes.si\/files\/2025\/12\/1000042835-scaled.jpg 1440w\" sizes=\"auto, (max-width: 576px) 100vw, 576px\" \/><\/a><\/figure>\n<\/div>","protected":false},"excerpt":{"rendered":"<p>V vrtcu smo 5. 12. 2025 imeli poseben dan, saj nas je obiskal Miklav\u017e. Medtem ko smo ga nestrpno \u010dakali, smo pridno pospravili \u010devlje v garderobi. Prav tako smo pogosto [&hellip;]<\/p>\n","protected":false},"author":81642,"featured_media":5735,"comment_status":"closed","ping_status":"open","sticky":false,"template":"","format":"standard","meta":{"ngg_post_thumbnail":0,"footnotes":""},"categories":[1],"tags":[],"class_list":["post-5734","post","type-post","status-publish","format-standard","has-post-thumbnail","hentry","category-novice"],"_links":{"self":[{"href":"https:\/\/vrtecsalovci.splet.arnes.si\/index.php?rest_route=\/wp\/v2\/posts\/5734","targetHints":{"allow":["GET"]}}],"collection":[{"href":"https:\/\/vrtecsalovci.splet.arnes.si\/index.php?rest_route=\/wp\/v2\/posts"}],"about":[{"href":"https:\/\/vrtecsalovci.splet.arnes.si\/index.php?rest_route=\/wp\/v2\/types\/post"}],"author":[{"embeddable":true,"href":"https:\/\/vrtecsalovci.splet.arnes.si\/index.php?rest_route=\/wp\/v2\/users\/81642"}],"replies":[{"embeddable":true,"href":"https:\/\/vrtecsalovci.splet.arnes.si\/index.php?rest_route=%2Fwp%2Fv2%2Fcomments&post=5734"}],"version-history":[{"count":1,"href":"https:\/\/vrtecsalovci.splet.arnes.si\/index.php?rest_route=\/wp\/v2\/posts\/5734\/revisions"}],"predecessor-version":[{"id":5736,"href":"https:\/\/vrtecsalovci.splet.arnes.si\/index.php?rest_route=\/wp\/v2\/posts\/5734\/revisions\/5736"}],"wp:featuredmedia":[{"embeddable":true,"href":"https:\/\/vrtecsalovci.splet.arnes.si\/index.php?rest_route=\/wp\/v2\/media\/5735"}],"wp:attachment":[{"href":"https:\/\/vrtecsalovci.splet.arnes.si\/index.php?rest_route=%2Fwp%2Fv2%2Fmedia&parent=5734"}],"wp:term":[{"taxonomy":"category","embeddable":true,"href":"https:\/\/vrtecsalovci.splet.arnes.si\/index.php?rest_route=%2Fwp%2Fv2%2Fcategories&post=5734"},{"taxonomy":"post_tag","embeddable":true,"href":"https:\/\/vrtecsalovci.splet.arnes.si\/index.php?rest_route=%2Fwp%2Fv2%2Ftags&post=5734"}],"curies":[{"name":"wp","href":"https:\/\/api.w.org\/{rel}","templated":true}]}}